{"id":700,"date":"2017-10-10T20:06:40","date_gmt":"2017-10-10T17:06:40","guid":{"rendered":"https:\/\/ifdbariloche-rng.infd.edu.ar\/sitio\/nos-visito-la-dra-maria-ines-fernandez-moujan\/"},"modified":"2017-10-10T20:06:40","modified_gmt":"2017-10-10T17:06:40","slug":"nos-visito-la-dra-maria-ines-fernandez-moujan","status":"publish","type":"post","link":"https:\/\/ifdbariloche-rng.infd.edu.ar\/sitio\/nos-visito-la-dra-maria-ines-fernandez-moujan\/","title":{"rendered":"Nos visit\u00f3 la Dra. Mar\u00eda In\u00e9s Fern\u00e1ndez Mouj\u00e1n"},"content":{"rendered":"<p><span style=\"font-size: 12pt; font-family: arial,helvetica,sans-serif;\">El lunes 2 de octubre, en el marco de \u00abConversaciones, Mates e Ideas\u00bb nos visit&oacute; la Dra. Ma. In&eacute;s Fern&aacute;ndez Mouj&aacute;n,&nbsp; con la tem&aacute;tica \u00abDi&aacute;logo con el maestro. Elogio de Paulo Freire\u00bb. Fue una oportunidad para volver a hablar del maestro Paulo Freire, su biograf&iacute;a, su pensamiento y su acci&oacute;n educativa. <\/span><\/p>\n<p><span style=\"font-size: 12pt; font-family: arial,helvetica,sans-serif;\"><span style=\"font-size: 12pt; font-family: arial,helvetica,sans-serif;\">Esta actividad se desarrollo como parte del Taller de Pr&aacute;cticas Docentes 1, de la carrera de Educaci&oacute;n Inicial. La cantidad de asistentes ocuparon tanto el aula magna como el Aula 4, donde se televis&oacute; la charla por comunicaci&oacute;n interna, gracias al soporte t&eacute;cnico de los Referentes TIC. Esto no impidi&oacute; el intercambio de preguntas y respuestas con Mar&iacute;a In&eacute;s, que se prolong&oacute; por largo tiempo.<br \/><\/span><\/span><\/p>\n<p><span style=\"font-size: 12pt; font-family: arial,helvetica,sans-serif;\"><span style=\"font-size: 12pt; font-family: arial,helvetica,sans-serif;\">Mar&iacute;a In&eacute;s Fern&aacute;ndez Mouj&aacute;n se autora del libro \u00abElogio a Paulo Freire\u00bb.<\/span><\/span><\/p>\n<p>&nbsp;<\/p>\n<p style=\"text-align: center;\"><iframe loading=\"lazy\" height=\"320\" src=\"https:\/\/drive.google.com\/file\/d\/1mgASIQRVMu7yKHrNrpOwl1_mb9ULTO09UA\/preview?wmode=transparent\" width=\"480\"><\/iframe><\/p><\/p>\n","protected":false},"excerpt":{"rendered":"<p>El lunes 2 de octubre, en el marco de \u00abConversaciones, Mates e Ideas\u00bb nos visit&oacute; la Dra. Ma. In&eacute;s Fern&aacute;ndez Mouj&aacute;n,&nbsp; con la tem&aacute;tica \u00abDi&aacute;logo con el maestro. Elogio de Paulo Freire\u00bb. Fue una oportunidad para volver a hablar del maestro Paulo Freire, su biograf&iacute;a, su pensamiento y su acci&oacute;n educativa. Esta actividad se desarrollo &#8230; <a title=\"Nos visit\u00f3 la Dra. Mar\u00eda In\u00e9s Fern\u00e1ndez Mouj\u00e1n\" class=\"read-more\" href=\"https:\/\/ifdbariloche-rng.infd.edu.ar\/sitio\/nos-visito-la-dra-maria-ines-fernandez-moujan\/\" aria-label=\"More on Nos visit\u00f3 la Dra. Mar\u00eda In\u00e9s Fern\u00e1ndez Mouj\u00e1n\">[+]<\/a><\/p>\n","protected":false},"author":2595,"featured_media":0,"comment_status":"open","ping_status":"open","sticky":false,"template":"","format":"standard","meta":[],"categories":[13],"tags":[],"acf":[],"_links":{"self":[{"href":"https:\/\/ifdbariloche-rng.infd.edu.ar\/sitio\/wp-json\/wp\/v2\/posts\/700"}],"collection":[{"href":"https:\/\/ifdbariloche-rng.infd.edu.ar\/sitio\/wp-json\/wp\/v2\/posts"}],"about":[{"href":"https:\/\/ifdbariloche-rng.infd.edu.ar\/sitio\/wp-json\/wp\/v2\/types\/post"}],"author":[{"embeddable":true,"href":"https:\/\/ifdbariloche-rng.infd.edu.ar\/sitio\/wp-json\/wp\/v2\/users\/2595"}],"replies":[{"embeddable":true,"href":"https:\/\/ifdbariloche-rng.infd.edu.ar\/sitio\/wp-json\/wp\/v2\/comments?post=700"}],"version-history":[{"count":0,"href":"https:\/\/ifdbariloche-rng.infd.edu.ar\/sitio\/wp-json\/wp\/v2\/posts\/700\/revisions"}],"wp:attachment":[{"href":"https:\/\/ifdbariloche-rng.infd.edu.ar\/sitio\/wp-json\/wp\/v2\/media?parent=700"}],"wp:term":[{"taxonomy":"category","embeddable":true,"href":"https:\/\/ifdbariloche-rng.infd.edu.ar\/sitio\/wp-json\/wp\/v2\/categories?post=700"},{"taxonomy":"post_tag","embeddable":true,"href":"https:\/\/ifdbariloche-rng.infd.edu.ar\/sitio\/wp-json\/wp\/v2\/tags?post=700"}],"curies":[{"name":"wp","href":"https:\/\/api.w.org\/{rel}","templated":true}]}}