{"id":4640,"date":"2021-02-11T17:05:29","date_gmt":"2021-02-11T20:05:29","guid":{"rendered":"https:\/\/ifdbariloche-rng.infd.edu.ar\/sitio\/?p=4640"},"modified":"2021-03-02T18:24:42","modified_gmt":"2021-03-02T21:24:42","slug":"un-cargo-de-profesor-a-de-matematica-profesorado-de-educacion-primaria","status":"publish","type":"post","link":"https:\/\/ifdbariloche-rng.infd.edu.ar\/sitio\/un-cargo-de-profesor-a-de-matematica-profesorado-de-educacion-primaria\/","title":{"rendered":"Un cargo de Profesor\/a de MATEM\u00c1TICA Profesorado de Educaci\u00f3n Primaria"},"content":{"rendered":"<p>Concurso para cubrir un cargo<\/p>\n<table>\n<tbody>\n<tr>\n<td><b>AREA \/ CARRERA<\/b><\/td>\n<td><b>CARGOS<\/b><\/td>\n<td><b>CAR\u00c1CTER<\/b><\/td>\n<\/tr>\n<tr>\n<td><span style=\"font-weight: 400;\">Profesorado de Educaci\u00f3n Primaria<\/span><\/td>\n<td><span style=\"font-weight: 400;\">\u00a0Matem\u00e1ticas<\/span><b>1 cargo de profesor\/a\u00a0<\/b><\/p>\n<p><b>\u00a0dedicaci\u00f3n semi exclusiva (20 horas)<\/b><\/td>\n<td style=\"text-align: center;\"><span style=\"font-weight: 400;\">Interino<\/span><\/td>\n<\/tr>\n<\/tbody>\n<\/table>\n<p><strong><em>Cronograma del llamado<\/em><\/strong><\/p>\n<p>SE EXTIEDEN LOS PLAZOS:<\/p>\n<p><strong>Inscripci\u00f3n Virtual: <\/strong>Del 02 al 11 de MARZO de 2021<\/p>\n<p>Via formulario:<\/p>\n<p><a href=\"https:\/\/forms.gle\/but3v3okHWjHNXhx8\">FORMULARIO DE INSCRIPCI\u00d3N<\/a><\/p>\n<p><a href=\"https:\/\/drive.google.com\/file\/d\/1f6hqaPKkjq442pEFWx0hg5K-xlL8X8fr\/view?usp=sharing\">BASES DEL CONCURSO AQU\u00cd<\/a><\/p>\n<p>Para consultas escribir a los siguiente email<\/p>\n<p><span style=\"font-weight: 400;\">Profs. Flavia\u00a0<\/span><span style=\"font-weight: 400;\">Santamaria (f.i.santamaria@gmail.com) o Silvia P\u00e9rez\u00a0<\/span><span style=\"font-weight: 400;\">(perezdaq@gmail.com)\u00a0<\/span><\/p>\n<p>&nbsp;<\/p>\n","protected":false},"excerpt":{"rendered":"<p>Concurso para cubrir un cargo AREA \/ CARRERA CARGOS CAR\u00c1CTER Profesorado de Educaci\u00f3n Primaria \u00a0Matem\u00e1ticas1 cargo de profesor\/a\u00a0 \u00a0dedicaci\u00f3n semi exclusiva (20 horas) Interino Cronograma del llamado SE EXTIEDEN LOS PLAZOS: Inscripci\u00f3n Virtual: Del 02 al 11 de MARZO de 2021 Via formulario: FORMULARIO DE INSCRIPCI\u00d3N BASES DEL CONCURSO AQU\u00cd Para consultas escribir a los &#8230; <a title=\"Un cargo de Profesor\/a de MATEM\u00c1TICA Profesorado de Educaci\u00f3n Primaria\" class=\"read-more\" href=\"https:\/\/ifdbariloche-rng.infd.edu.ar\/sitio\/un-cargo-de-profesor-a-de-matematica-profesorado-de-educacion-primaria\/\" aria-label=\"More on Un cargo de Profesor\/a de MATEM\u00c1TICA Profesorado de Educaci\u00f3n Primaria\">[+]<\/a><\/p>\n","protected":false},"author":2164,"featured_media":0,"comment_status":"open","ping_status":"open","sticky":false,"template":"","format":"standard","meta":[],"categories":[1],"tags":[],"acf":[],"_links":{"self":[{"href":"https:\/\/ifdbariloche-rng.infd.edu.ar\/sitio\/wp-json\/wp\/v2\/posts\/4640"}],"collection":[{"href":"https:\/\/ifdbariloche-rng.infd.edu.ar\/sitio\/wp-json\/wp\/v2\/posts"}],"about":[{"href":"https:\/\/ifdbariloche-rng.infd.edu.ar\/sitio\/wp-json\/wp\/v2\/types\/post"}],"author":[{"embeddable":true,"href":"https:\/\/ifdbariloche-rng.infd.edu.ar\/sitio\/wp-json\/wp\/v2\/users\/2164"}],"replies":[{"embeddable":true,"href":"https:\/\/ifdbariloche-rng.infd.edu.ar\/sitio\/wp-json\/wp\/v2\/comments?post=4640"}],"version-history":[{"count":5,"href":"https:\/\/ifdbariloche-rng.infd.edu.ar\/sitio\/wp-json\/wp\/v2\/posts\/4640\/revisions"}],"predecessor-version":[{"id":4751,"href":"https:\/\/ifdbariloche-rng.infd.edu.ar\/sitio\/wp-json\/wp\/v2\/posts\/4640\/revisions\/4751"}],"wp:attachment":[{"href":"https:\/\/ifdbariloche-rng.infd.edu.ar\/sitio\/wp-json\/wp\/v2\/media?parent=4640"}],"wp:term":[{"taxonomy":"category","embeddable":true,"href":"https:\/\/ifdbariloche-rng.infd.edu.ar\/sitio\/wp-json\/wp\/v2\/categories?post=4640"},{"taxonomy":"post_tag","embeddable":true,"href":"https:\/\/ifdbariloche-rng.infd.edu.ar\/sitio\/wp-json\/wp\/v2\/tags?post=4640"}],"curies":[{"name":"wp","href":"https:\/\/api.w.org\/{rel}","templated":true}]}}