{"id":4629,"date":"2021-02-10T19:43:27","date_gmt":"2021-02-10T22:43:27","guid":{"rendered":"https:\/\/ifdbariloche-rng.infd.edu.ar\/sitio\/?p=4629"},"modified":"2021-03-02T18:30:21","modified_gmt":"2021-03-02T21:30:21","slug":"prof-etp-condiciones-para-el-ejercicio-profesional-12-horas","status":"publish","type":"post","link":"https:\/\/ifdbariloche-rng.infd.edu.ar\/sitio\/prof-etp-condiciones-para-el-ejercicio-profesional-12-horas\/","title":{"rendered":"Prof. ETP. Condiciones para el ejercicio profesional 12 horas"},"content":{"rendered":"<p>Concurso para cubrir un cargo:<\/p>\n<p>&nbsp;<\/p>\n<table>\n<tbody>\n<tr>\n<td><b>AREA \/ CARRERA<\/b><\/td>\n<td><b>CARGOS<\/b><\/td>\n<td><b>CAR\u00c1CTER<\/b><\/td>\n<\/tr>\n<tr>\n<td><span style=\"font-weight: 400;\">\u00abProfesorado de educaci\u00f3n secundaria de la modalidad t\u00e9cnico profesional en concurrencia con t\u00edtulo de base\u201d.<\/span><\/td>\n<td><span style=\"font-weight: 400;\">\u201cCondici\u00f3n del Ejercicio Profesional Campo de la Formaci\u00f3n T\u00e9cnica Espec\u00edfica\u201d<\/span><\/p>\n<p><span style=\"font-weight: 400;\">1 cargo de dedicaci\u00f3n simple \u201312 hs<\/span><\/td>\n<td><span style=\"font-weight: 400;\">Interino a t\u00e9rmino<\/span><\/td>\n<\/tr>\n<tr>\n<td><\/td>\n<td><\/td>\n<td><\/td>\n<\/tr>\n<\/tbody>\n<\/table>\n<h4><\/h4>\n<p>&nbsp;<\/p>\n<h4><b>CRONOGRAMA\u00a0\u00a0 DEL\u00a0\u00a0 LLAMADO<\/b><\/h4>\n<p><b>SE EXTIENDEN LOS PLAZOS DE INSCRIPCI\u00d3N<\/b><\/p>\n<p><b>INSCRIPCI\u00d3N:<\/b><span style=\"font-weight: 400;\"> desde el\u00a0 02 al 11 de marzo de 2021 V\u00eda formulario <\/span><span style=\"font-weight: 400;\">Drive siguiente<\/span><\/p>\n<p><a href=\"https:\/\/forms.gle\/A3gGp8z28xHGQ9be7\">FORMULARIO DE INSCRIPCI\u00d3N<\/a><\/p>\n<p><a href=\"https:\/\/drive.google.com\/file\/d\/1G9MPcu8dnR1ZNLYa0ETFO3mzpdC34fRN\/view?usp=sharing\">Bases del concurso AQUI<\/a><\/p>\n<p>&nbsp;<\/p>\n","protected":false},"excerpt":{"rendered":"<p>Concurso para cubrir un cargo: &nbsp; AREA \/ CARRERA CARGOS CAR\u00c1CTER \u00abProfesorado de educaci\u00f3n secundaria de la modalidad t\u00e9cnico profesional en concurrencia con t\u00edtulo de base\u201d. \u201cCondici\u00f3n del Ejercicio Profesional Campo de la Formaci\u00f3n T\u00e9cnica Espec\u00edfica\u201d 1 cargo de dedicaci\u00f3n simple \u201312 hs Interino a t\u00e9rmino &nbsp; CRONOGRAMA\u00a0\u00a0 DEL\u00a0\u00a0 LLAMADO SE EXTIENDEN LOS PLAZOS DE &#8230; <a title=\"Prof. ETP. Condiciones para el ejercicio profesional 12 horas\" class=\"read-more\" href=\"https:\/\/ifdbariloche-rng.infd.edu.ar\/sitio\/prof-etp-condiciones-para-el-ejercicio-profesional-12-horas\/\" aria-label=\"More on Prof. ETP. Condiciones para el ejercicio profesional 12 horas\">[+]<\/a><\/p>\n","protected":false},"author":2164,"featured_media":0,"comment_status":"open","ping_status":"open","sticky":false,"template":"","format":"standard","meta":[],"categories":[1],"tags":[],"acf":[],"_links":{"self":[{"href":"https:\/\/ifdbariloche-rng.infd.edu.ar\/sitio\/wp-json\/wp\/v2\/posts\/4629"}],"collection":[{"href":"https:\/\/ifdbariloche-rng.infd.edu.ar\/sitio\/wp-json\/wp\/v2\/posts"}],"about":[{"href":"https:\/\/ifdbariloche-rng.infd.edu.ar\/sitio\/wp-json\/wp\/v2\/types\/post"}],"author":[{"embeddable":true,"href":"https:\/\/ifdbariloche-rng.infd.edu.ar\/sitio\/wp-json\/wp\/v2\/users\/2164"}],"replies":[{"embeddable":true,"href":"https:\/\/ifdbariloche-rng.infd.edu.ar\/sitio\/wp-json\/wp\/v2\/comments?post=4629"}],"version-history":[{"count":5,"href":"https:\/\/ifdbariloche-rng.infd.edu.ar\/sitio\/wp-json\/wp\/v2\/posts\/4629\/revisions"}],"predecessor-version":[{"id":4752,"href":"https:\/\/ifdbariloche-rng.infd.edu.ar\/sitio\/wp-json\/wp\/v2\/posts\/4629\/revisions\/4752"}],"wp:attachment":[{"href":"https:\/\/ifdbariloche-rng.infd.edu.ar\/sitio\/wp-json\/wp\/v2\/media?parent=4629"}],"wp:term":[{"taxonomy":"category","embeddable":true,"href":"https:\/\/ifdbariloche-rng.infd.edu.ar\/sitio\/wp-json\/wp\/v2\/categories?post=4629"},{"taxonomy":"post_tag","embeddable":true,"href":"https:\/\/ifdbariloche-rng.infd.edu.ar\/sitio\/wp-json\/wp\/v2\/tags?post=4629"}],"curies":[{"name":"wp","href":"https:\/\/api.w.org\/{rel}","templated":true}]}}