{"id":4626,"date":"2021-02-10T19:37:04","date_gmt":"2021-02-10T22:37:04","guid":{"rendered":"https:\/\/ifdbariloche-rng.infd.edu.ar\/sitio\/?p=4626"},"modified":"2021-02-10T20:41:06","modified_gmt":"2021-02-10T23:41:06","slug":"prof-etp-vinculacion-con-el-sector-productivo","status":"publish","type":"post","link":"https:\/\/ifdbariloche-rng.infd.edu.ar\/sitio\/prof-etp-vinculacion-con-el-sector-productivo\/","title":{"rendered":"Prof. ETP Vinculaci\u00f3n con el sector Productivo"},"content":{"rendered":"<p>Concurso para cubrir un cargo:<\/p>\n<p>&nbsp;<\/p>\n<table>\n<tbody>\n<tr>\n<td><span style=\"font-weight: 400;\">\u00abProfesorado de educaci\u00f3n secundaria de la modalidad t\u00e9cnico profesional en concurrencia con t\u00edtulo de base\u201d.<\/span><\/td>\n<td><span style=\"font-weight: 400;\">\u201cVinculaci\u00f3n con el Sector Socio-Productivo\u201d<\/span><\/p>\n<p><span style=\"font-weight: 400;\">1 cargo de dedicaci\u00f3n simple \u201312 hs<\/span><\/td>\n<td><span style=\"font-weight: 400;\">Interino a t\u00e9rmino<\/span><\/td>\n<\/tr>\n<\/tbody>\n<\/table>\n<p>&nbsp;<\/p>\n<h4><b>CRONOGRAMA \u00a0 DEL \u00a0 LLAMADO<\/b><\/h4>\n<p>&nbsp;<\/p>\n<h4><b>CRONOGRAMA\u00a0\u00a0 DEL\u00a0\u00a0 LLAMADO<\/b><\/h4>\n<p><b>DIFUSI\u00d3N:<\/b><span style=\"font-weight: 400;\"> desde el 10 de Febrero al 12 de Febrero de 2021.<\/span><\/p>\n<p><b>INSCRIPCI\u00d3N:<\/b><span style=\"font-weight: 400;\"> desde el\u00a0 13 de Febrero al 22 de Febrero de 2021 V\u00eda formulario Drive siguiente:<\/span><\/p>\n<p><a href=\"https:\/\/forms.gle\/SQhYCR6Gpht6iMzXA\">FORMULARIO DE INSCRIPCI\u00d3N<\/a><\/p>\n<p><a href=\"https:\/\/drive.google.com\/file\/d\/1OrRSacGhFdTehSn-LMCtSkq7al5wX0-z\/view?usp=sharing\">bases del Concurso AQUI<\/a><\/p>\n<p>&nbsp;<\/p>\n","protected":false},"excerpt":{"rendered":"<p>Concurso para cubrir un cargo: &nbsp; \u00abProfesorado de educaci\u00f3n secundaria de la modalidad t\u00e9cnico profesional en concurrencia con t\u00edtulo de base\u201d. \u201cVinculaci\u00f3n con el Sector Socio-Productivo\u201d 1 cargo de dedicaci\u00f3n simple \u201312 hs Interino a t\u00e9rmino &nbsp; CRONOGRAMA \u00a0 DEL \u00a0 LLAMADO &nbsp; CRONOGRAMA\u00a0\u00a0 DEL\u00a0\u00a0 LLAMADO DIFUSI\u00d3N: desde el 10 de Febrero al 12 de &#8230; <a title=\"Prof. ETP Vinculaci\u00f3n con el sector Productivo\" class=\"read-more\" href=\"https:\/\/ifdbariloche-rng.infd.edu.ar\/sitio\/prof-etp-vinculacion-con-el-sector-productivo\/\" aria-label=\"More on Prof. ETP Vinculaci\u00f3n con el sector Productivo\">[+]<\/a><\/p>\n","protected":false},"author":2164,"featured_media":0,"comment_status":"open","ping_status":"open","sticky":false,"template":"","format":"standard","meta":[],"categories":[1],"tags":[],"acf":[],"_links":{"self":[{"href":"https:\/\/ifdbariloche-rng.infd.edu.ar\/sitio\/wp-json\/wp\/v2\/posts\/4626"}],"collection":[{"href":"https:\/\/ifdbariloche-rng.infd.edu.ar\/sitio\/wp-json\/wp\/v2\/posts"}],"about":[{"href":"https:\/\/ifdbariloche-rng.infd.edu.ar\/sitio\/wp-json\/wp\/v2\/types\/post"}],"author":[{"embeddable":true,"href":"https:\/\/ifdbariloche-rng.infd.edu.ar\/sitio\/wp-json\/wp\/v2\/users\/2164"}],"replies":[{"embeddable":true,"href":"https:\/\/ifdbariloche-rng.infd.edu.ar\/sitio\/wp-json\/wp\/v2\/comments?post=4626"}],"version-history":[{"count":2,"href":"https:\/\/ifdbariloche-rng.infd.edu.ar\/sitio\/wp-json\/wp\/v2\/posts\/4626\/revisions"}],"predecessor-version":[{"id":4636,"href":"https:\/\/ifdbariloche-rng.infd.edu.ar\/sitio\/wp-json\/wp\/v2\/posts\/4626\/revisions\/4636"}],"wp:attachment":[{"href":"https:\/\/ifdbariloche-rng.infd.edu.ar\/sitio\/wp-json\/wp\/v2\/media?parent=4626"}],"wp:term":[{"taxonomy":"category","embeddable":true,"href":"https:\/\/ifdbariloche-rng.infd.edu.ar\/sitio\/wp-json\/wp\/v2\/categories?post=4626"},{"taxonomy":"post_tag","embeddable":true,"href":"https:\/\/ifdbariloche-rng.infd.edu.ar\/sitio\/wp-json\/wp\/v2\/tags?post=4626"}],"curies":[{"name":"wp","href":"https:\/\/api.w.org\/{rel}","templated":true}]}}