{"id":4620,"date":"2021-02-10T19:21:38","date_gmt":"2021-02-10T22:21:38","guid":{"rendered":"https:\/\/ifdbariloche-rng.infd.edu.ar\/sitio\/?p=4620"},"modified":"2021-02-25T16:28:21","modified_gmt":"2021-02-25T19:28:21","slug":"profesor-a-lenguajes-estetico-expresivos-plastica-20-horas","status":"publish","type":"post","link":"https:\/\/ifdbariloche-rng.infd.edu.ar\/sitio\/profesor-a-lenguajes-estetico-expresivos-plastica-20-horas\/","title":{"rendered":"PROFESOR\/A LENGUAJES EST\u00c9TICO EXPRESIVOS. PL\u00c1STICA 20 HORAS"},"content":{"rendered":"<p>Concurso para cubrir un cargo:<\/p>\n<p>&nbsp;<\/p>\n<table>\n<tbody>\n<tr>\n<td><b>AREA \/ CARRERA<\/b><\/td>\n<td><b>CARGOS<\/b><\/td>\n<td><b>CAR\u00c1CTER<\/b><\/td>\n<\/tr>\n<tr>\n<td><span style=\"font-weight: 400;\">Profesorado de Educaci\u00f3n Primaria<\/span><\/td>\n<td><span style=\"font-weight: 400;\">\u00a0\u00a0\u00a0\u00a0\u00a0\u00a0\u00a0\u00a0\u00a0<\/span><\/p>\n<p><span style=\"font-weight: 400;\">\u00a0\u00a0\u00a0\u00a0\u00a01 cargo de profesor\/a dedicaci\u00f3n semiexclusiva (20 horas)<\/span><\/p>\n<p><b>\u00a0\u00a0\u00a0\u00a0\u00a0\u00c1rea Lenguajes Est\u00e9tico expresivos<\/b><\/p>\n<p><b>Orientaci\u00f3n Pl\u00e1stica<\/b><\/td>\n<td><span style=\"font-weight: 400;\">\u00a0\u00a0\u00a0<\/span><\/p>\n<p><span style=\"font-weight: 400;\">\u00a0\u00a0Interino<\/span><\/td>\n<\/tr>\n<\/tbody>\n<\/table>\n<p>&nbsp;<\/p>\n<h4><b>CRONOGRAMA \u00a0 DEL \u00a0 LLAMADO<\/b><\/h4>\n<p>&nbsp;<\/p>\n<p><b>DIFUSI\u00d3N:<\/b><span style=\"font-weight: 400;\"> del 10 al 12 de febrero de 2021<\/span><\/p>\n<p><b>INSCRIPCI\u00d3N VIRTUAL<\/b><b>: \u00a0 <\/b><span style=\"font-weight: 400;\">Del 13\u00a0 al 22 de febrero de 2021 <\/span><\/p>\n<p><span style=\"font-weight: 400;\">V\u00eda Formulario siguiente:<\/span><\/p>\n<p><a href=\"https:\/\/forms.gle\/FFr2Bxv1NNRF1KNN6\">FORMULARIO DE INSCRIPCI\u00d3N<\/a><\/p>\n<p><a href=\"https:\/\/drive.google.com\/file\/d\/1-mjvjqwrajwdC47-B-CvmVcXGd4fXQeD\/view?usp=sharing\">Bases del Concurso AQU\u00cd<\/a><\/p>\n<p>Para consultas escribir al siguiente email\u00a0<a href=\"mailto:lamorelinha@gmail.com\">lamorelinha@gmail.com\u00a0<\/a><\/p>\n<p>&nbsp;<\/p>\n<p><strong>LISTADO DE POSTULANTES:<\/strong><\/p>\n<p>Musco, Carla Natalia Estefan\u00eda<\/p>\n<p>Reyes Ver\u00f3nica<\/p>\n<p>Namiot, Lil\u00e9n Ethel<\/p>\n<p>Peruzzo, Carla<\/p>\n<p>Ellero Gamba, Rodrigo Daniel<\/p>\n<p>Mart\u00edn Pavez, Marisol del Pilar<\/p>\n<p>Juarez, Andrea<\/p>\n<p><strong>MESA EVALUADORA:<\/strong><\/p>\n<p>Prof. Valente, Mar\u00eda Eugenia<\/p>\n<p>Prof. Pati\u00f1o, Ver\u00f3nica<\/p>\n<p>Prof. Gonz\u00e1lez, M\u00f3nica<\/p>\n<p>Est. Cerda, Valentina<\/p>\n","protected":false},"excerpt":{"rendered":"<p>Concurso para cubrir un cargo: &nbsp; AREA \/ CARRERA CARGOS CAR\u00c1CTER Profesorado de Educaci\u00f3n Primaria \u00a0\u00a0\u00a0\u00a0\u00a0\u00a0\u00a0\u00a0\u00a0 \u00a0\u00a0\u00a0\u00a0\u00a01 cargo de profesor\/a dedicaci\u00f3n semiexclusiva (20 horas) \u00a0\u00a0\u00a0\u00a0\u00a0\u00c1rea Lenguajes Est\u00e9tico expresivos Orientaci\u00f3n Pl\u00e1stica \u00a0\u00a0\u00a0 \u00a0\u00a0Interino &nbsp; CRONOGRAMA \u00a0 DEL \u00a0 LLAMADO &nbsp; DIFUSI\u00d3N: del 10 al 12 de febrero de 2021 INSCRIPCI\u00d3N VIRTUAL: \u00a0 Del 13\u00a0 al 22 &#8230; <a title=\"PROFESOR\/A LENGUAJES EST\u00c9TICO EXPRESIVOS. PL\u00c1STICA 20 HORAS\" class=\"read-more\" href=\"https:\/\/ifdbariloche-rng.infd.edu.ar\/sitio\/profesor-a-lenguajes-estetico-expresivos-plastica-20-horas\/\" aria-label=\"More on PROFESOR\/A LENGUAJES EST\u00c9TICO EXPRESIVOS. PL\u00c1STICA 20 HORAS\">[+]<\/a><\/p>\n","protected":false},"author":2164,"featured_media":0,"comment_status":"open","ping_status":"open","sticky":false,"template":"","format":"standard","meta":[],"categories":[1],"tags":[],"acf":[],"_links":{"self":[{"href":"https:\/\/ifdbariloche-rng.infd.edu.ar\/sitio\/wp-json\/wp\/v2\/posts\/4620"}],"collection":[{"href":"https:\/\/ifdbariloche-rng.infd.edu.ar\/sitio\/wp-json\/wp\/v2\/posts"}],"about":[{"href":"https:\/\/ifdbariloche-rng.infd.edu.ar\/sitio\/wp-json\/wp\/v2\/types\/post"}],"author":[{"embeddable":true,"href":"https:\/\/ifdbariloche-rng.infd.edu.ar\/sitio\/wp-json\/wp\/v2\/users\/2164"}],"replies":[{"embeddable":true,"href":"https:\/\/ifdbariloche-rng.infd.edu.ar\/sitio\/wp-json\/wp\/v2\/comments?post=4620"}],"version-history":[{"count":4,"href":"https:\/\/ifdbariloche-rng.infd.edu.ar\/sitio\/wp-json\/wp\/v2\/posts\/4620\/revisions"}],"predecessor-version":[{"id":4708,"href":"https:\/\/ifdbariloche-rng.infd.edu.ar\/sitio\/wp-json\/wp\/v2\/posts\/4620\/revisions\/4708"}],"wp:attachment":[{"href":"https:\/\/ifdbariloche-rng.infd.edu.ar\/sitio\/wp-json\/wp\/v2\/media?parent=4620"}],"wp:term":[{"taxonomy":"category","embeddable":true,"href":"https:\/\/ifdbariloche-rng.infd.edu.ar\/sitio\/wp-json\/wp\/v2\/categories?post=4620"},{"taxonomy":"post_tag","embeddable":true,"href":"https:\/\/ifdbariloche-rng.infd.edu.ar\/sitio\/wp-json\/wp\/v2\/tags?post=4620"}],"curies":[{"name":"wp","href":"https:\/\/api.w.org\/{rel}","templated":true}]}}