{"id":4555,"date":"2020-11-26T13:18:00","date_gmt":"2020-11-26T16:18:00","guid":{"rendered":"https:\/\/ifdbariloche-rng.infd.edu.ar\/sitio\/?p=4555"},"modified":"2020-11-26T13:18:00","modified_gmt":"2020-11-26T16:18:00","slug":"vivas-nos-queremos-jardin-n-34-mesa-4","status":"publish","type":"post","link":"https:\/\/ifdbariloche-rng.infd.edu.ar\/sitio\/vivas-nos-queremos-jardin-n-34-mesa-4\/","title":{"rendered":"Vivas nos queremos &#8211; Jard\u00edn N\u00b0 34 (mesa 4)"},"content":{"rendered":"<p style=\"text-align: center;\"><strong>Vivas nos queremos<\/strong><\/p>\n<p>&nbsp;<\/p>\n<p style=\"text-align: right;\"><strong>Responsables:<\/strong>\u00a0Vazquez, Leila; Galosi, Carola.<\/p>\n<p><strong>Palabras clave: <\/strong>Vi\u00f3lencia de g\u00e9nero, educaci\u00f3n inicial, virtualidad.<\/p>\n<p>Somos Carola Galosi y Leila Vasquez, docentes del jard\u00edn 34, ubicado en el alto de Bariloche. A trav\u00e9s de \u00e9ste video buscamos compartir una experiencia institucional que surgi\u00f3 con el prop\u00f3sito de abordar la jornada de familias dedicada a prevenir la violencia de g\u00e9nero, realizada el 21 de octubre de este a\u00f1o.Primero el abordaje fue desde lo virtual a trav\u00e9s de un video enviado a las familias haciendo menci\u00f3n a la Ley Micaela de capacitaci\u00f3n obligatoria en g\u00e9nero y la ley Brisa de reparaci\u00f3n econ\u00f3mica a hijas e hijos de v\u00edctimas de femicidio; Y Luego desde lo presencial gracias a una propuesta art\u00edstica impulsada por la directora del jard\u00edn, Rosana Porcel y la artista pl\u00e1stica Roc\u00edo Toppetti junto al grupo \u00abNi una menos Furilofche\u00bb. El proceso fue intenso, movilizante pero tambi\u00e9n de reparaci\u00f3n y sanaci\u00f3n a trav\u00e9s del arte colectivo y desde la obra mural.<\/p>\n<p><a href=\"https:\/\/www.youtube.com\/watch?v=2RIvLk8lNxY&amp;feature=youtu.be&amp;ab_channel=mariacarolagalosi\">Clic aqu\u00ed para ver el video<\/a><\/p>\n","protected":false},"excerpt":{"rendered":"<p>Vivas nos queremos &nbsp; Responsables:\u00a0Vazquez, Leila; Galosi, Carola. Palabras clave: Vi\u00f3lencia de g\u00e9nero, educaci\u00f3n inicial, virtualidad. Somos Carola Galosi y Leila Vasquez, docentes del jard\u00edn 34, ubicado en el alto de Bariloche. A trav\u00e9s de \u00e9ste video buscamos compartir una experiencia institucional que surgi\u00f3 con el prop\u00f3sito de abordar la jornada de familias dedicada a &#8230; <a title=\"Vivas nos queremos &#8211; Jard\u00edn N\u00b0 34 (mesa 4)\" class=\"read-more\" href=\"https:\/\/ifdbariloche-rng.infd.edu.ar\/sitio\/vivas-nos-queremos-jardin-n-34-mesa-4\/\" aria-label=\"More on Vivas nos queremos &#8211; Jard\u00edn N\u00b0 34 (mesa 4)\">[+]<\/a><\/p>\n","protected":false},"author":2164,"featured_media":4556,"comment_status":"open","ping_status":"open","sticky":false,"template":"","format":"standard","meta":[],"categories":[32],"tags":[33],"acf":[],"_links":{"self":[{"href":"https:\/\/ifdbariloche-rng.infd.edu.ar\/sitio\/wp-json\/wp\/v2\/posts\/4555"}],"collection":[{"href":"https:\/\/ifdbariloche-rng.infd.edu.ar\/sitio\/wp-json\/wp\/v2\/posts"}],"about":[{"href":"https:\/\/ifdbariloche-rng.infd.edu.ar\/sitio\/wp-json\/wp\/v2\/types\/post"}],"author":[{"embeddable":true,"href":"https:\/\/ifdbariloche-rng.infd.edu.ar\/sitio\/wp-json\/wp\/v2\/users\/2164"}],"replies":[{"embeddable":true,"href":"https:\/\/ifdbariloche-rng.infd.edu.ar\/sitio\/wp-json\/wp\/v2\/comments?post=4555"}],"version-history":[{"count":1,"href":"https:\/\/ifdbariloche-rng.infd.edu.ar\/sitio\/wp-json\/wp\/v2\/posts\/4555\/revisions"}],"predecessor-version":[{"id":4557,"href":"https:\/\/ifdbariloche-rng.infd.edu.ar\/sitio\/wp-json\/wp\/v2\/posts\/4555\/revisions\/4557"}],"wp:featuredmedia":[{"embeddable":true,"href":"https:\/\/ifdbariloche-rng.infd.edu.ar\/sitio\/wp-json\/wp\/v2\/media\/4556"}],"wp:attachment":[{"href":"https:\/\/ifdbariloche-rng.infd.edu.ar\/sitio\/wp-json\/wp\/v2\/media?parent=4555"}],"wp:term":[{"taxonomy":"category","embeddable":true,"href":"https:\/\/ifdbariloche-rng.infd.edu.ar\/sitio\/wp-json\/wp\/v2\/categories?post=4555"},{"taxonomy":"post_tag","embeddable":true,"href":"https:\/\/ifdbariloche-rng.infd.edu.ar\/sitio\/wp-json\/wp\/v2\/tags?post=4555"}],"curies":[{"name":"wp","href":"https:\/\/api.w.org\/{rel}","templated":true}]}}