{"id":4551,"date":"2020-11-26T12:56:53","date_gmt":"2020-11-26T15:56:53","guid":{"rendered":"https:\/\/ifdbariloche-rng.infd.edu.ar\/sitio\/?p=4551"},"modified":"2020-11-26T12:56:53","modified_gmt":"2020-11-26T15:56:53","slug":"experiencia-cientifica-de-nivel-inicial-jardin-n-39-mesa-3","status":"publish","type":"post","link":"https:\/\/ifdbariloche-rng.infd.edu.ar\/sitio\/experiencia-cientifica-de-nivel-inicial-jardin-n-39-mesa-3\/","title":{"rendered":"Experiencia cient\u00edfica de nivel inicial &#8211;  Jard\u00edn N\u00b0 39 (mesa 3)"},"content":{"rendered":"<p style=\"text-align: center;\"><strong>Experiencia cient\u00edfica de nivel inicial.<\/strong><\/p>\n<p style=\"text-align: right;\"><strong>Responsable:<\/strong> Guadalupe Ramos<\/p>\n<p><strong>Palabras clave:<\/strong> Educaci\u00f3n inicial, experiencia cient\u00edfica.<\/p>\n<p>Decid\u00ed compartir esta experiencia porque fue muy significativa tanto para el grupo de ni\u00f1os y ni\u00f1as como para m\u00ed.<\/p>\n<div dir=\"auto\">Nunca cre\u00ed poder desarrollar una experiencia cient\u00edfica bajo este panorama, mediados por los dispositivos tecnol\u00f3gicos y sabiendo que nuestro pilar fundante en el nivel es el cuerpo, la presencia, la mirada, el gesto sosteniendo a nuestras infancias.<\/div>\n<div dir=\"auto\">La curiosidad y la fascinaci\u00f3n de las ni\u00f1as y los ni\u00f1os respecto de la naturaleza favorece el acercamiento y esto potenci\u00f3 tal experiencia.<\/div>\n<div dir=\"auto\">Para los adultos seguramente esto que propuesta desarrollada lo consideran obvio o no, pero tal acercamiento, experiencia, analizarlo con \u00abotros ojos\u00bb los hace muy significativo y lo complejiza.<\/div>\n<div dir=\"auto\"><\/div>\n<div class=\"yj6qo\"><a href=\"https:\/\/drive.google.com\/file\/d\/1-IdYCT_8MOAFODq0zPASmGnTRpIIJw2y\/view?usp=sharing\">CLIC AQU\u00cd PARA ESCUCHAR EL AUDIO<\/a><\/div>\n<div class=\"adL\" dir=\"auto\"><\/div>\n","protected":false},"excerpt":{"rendered":"<p>Experiencia cient\u00edfica de nivel inicial. Responsable: Guadalupe Ramos Palabras clave: Educaci\u00f3n inicial, experiencia cient\u00edfica. Decid\u00ed compartir esta experiencia porque fue muy significativa tanto para el grupo de ni\u00f1os y ni\u00f1as como para m\u00ed. Nunca cre\u00ed poder desarrollar una experiencia cient\u00edfica bajo este panorama, mediados por los dispositivos tecnol\u00f3gicos y sabiendo que nuestro pilar fundante en &#8230; <a title=\"Experiencia cient\u00edfica de nivel inicial &#8211;  Jard\u00edn N\u00b0 39 (mesa 3)\" class=\"read-more\" href=\"https:\/\/ifdbariloche-rng.infd.edu.ar\/sitio\/experiencia-cientifica-de-nivel-inicial-jardin-n-39-mesa-3\/\" aria-label=\"More on Experiencia cient\u00edfica de nivel inicial &#8211;  Jard\u00edn N\u00b0 39 (mesa 3)\">[+]<\/a><\/p>\n","protected":false},"author":2164,"featured_media":4552,"comment_status":"open","ping_status":"open","sticky":false,"template":"","format":"standard","meta":[],"categories":[32],"tags":[33],"acf":[],"_links":{"self":[{"href":"https:\/\/ifdbariloche-rng.infd.edu.ar\/sitio\/wp-json\/wp\/v2\/posts\/4551"}],"collection":[{"href":"https:\/\/ifdbariloche-rng.infd.edu.ar\/sitio\/wp-json\/wp\/v2\/posts"}],"about":[{"href":"https:\/\/ifdbariloche-rng.infd.edu.ar\/sitio\/wp-json\/wp\/v2\/types\/post"}],"author":[{"embeddable":true,"href":"https:\/\/ifdbariloche-rng.infd.edu.ar\/sitio\/wp-json\/wp\/v2\/users\/2164"}],"replies":[{"embeddable":true,"href":"https:\/\/ifdbariloche-rng.infd.edu.ar\/sitio\/wp-json\/wp\/v2\/comments?post=4551"}],"version-history":[{"count":1,"href":"https:\/\/ifdbariloche-rng.infd.edu.ar\/sitio\/wp-json\/wp\/v2\/posts\/4551\/revisions"}],"predecessor-version":[{"id":4553,"href":"https:\/\/ifdbariloche-rng.infd.edu.ar\/sitio\/wp-json\/wp\/v2\/posts\/4551\/revisions\/4553"}],"wp:featuredmedia":[{"embeddable":true,"href":"https:\/\/ifdbariloche-rng.infd.edu.ar\/sitio\/wp-json\/wp\/v2\/media\/4552"}],"wp:attachment":[{"href":"https:\/\/ifdbariloche-rng.infd.edu.ar\/sitio\/wp-json\/wp\/v2\/media?parent=4551"}],"wp:term":[{"taxonomy":"category","embeddable":true,"href":"https:\/\/ifdbariloche-rng.infd.edu.ar\/sitio\/wp-json\/wp\/v2\/categories?post=4551"},{"taxonomy":"post_tag","embeddable":true,"href":"https:\/\/ifdbariloche-rng.infd.edu.ar\/sitio\/wp-json\/wp\/v2\/tags?post=4551"}],"curies":[{"name":"wp","href":"https:\/\/api.w.org\/{rel}","templated":true}]}}