{"id":4542,"date":"2020-11-26T12:27:52","date_gmt":"2020-11-26T15:27:52","guid":{"rendered":"https:\/\/ifdbariloche-rng.infd.edu.ar\/sitio\/?p=4542"},"modified":"2020-11-26T12:27:52","modified_gmt":"2020-11-26T15:27:52","slug":"una-trayectoria-educativa-en-el-profesorado-de-matematica-uncoma-mesa-4","status":"publish","type":"post","link":"https:\/\/ifdbariloche-rng.infd.edu.ar\/sitio\/una-trayectoria-educativa-en-el-profesorado-de-matematica-uncoma-mesa-4\/","title":{"rendered":"Una trayectoria educativa en el profesorado de matem\u00e1tica &#8211; UNComa (mesa 4)"},"content":{"rendered":"<p style=\"text-align: center;\"><b>Una trayectoria educativa en el profesorado de matem\u00e1tica: experiencias en variados contextos educativos<\/b><\/p>\n<p>&nbsp;<\/p>\n<p style=\"text-align: right;\"><strong>Responsables:<\/strong>\u00a0<span style=\"font-weight: 400;\">Florencia Mardones, Flavia Santamaria<\/span><\/p>\n<p><strong>Palabras clave:\u00a0<\/strong>trayectoria educativa, educaci\u00f3n superior, matem\u00e1tica<\/p>\n<p>En esta presentaci\u00f3n expondremos el recorrido guidado de diversas experiencias andamiadas de formaci\u00f3n llevadas a cabo por Florencia Mardones, estudiante avanzada del Profesorado Universitario de Matem\u00e1tica del Centro Regional Universitario Bariloche (UNCo) entre los a\u00f1os 2018 a 2020. Los destinatarios fueron estudiantes del nivel primario, secundario y superior (terciario y universitario) y docentes del nivel primario.<br \/>\nLa gran mayor\u00eda de las pr\u00e1cticas pudieron llevarse a cabo al estar enmarcadas en el Proyecto de Extensi\u00f3n del CRUB \u201cTendiendo puentes en la educaci\u00f3n matem\u00e1tica\u201d dado que se realizaron por fuera de las asignaturas de la carrera. Dichas pr\u00e1cticas brindaron un camino de formaci\u00f3n docente alternativo a las propuestas establecidas en las asignaturas del plan de la carrera, m\u00e1s vinculado a los intereses y metas educativas de Florencia. Las del 2020 se llevaron a cabo en el contexto de la virtualidad.<br \/>\nAcompa\u00f1ar una trayectoria formativa implica pensar y generar propuestas de formaci\u00f3n andamiadas, ricas y diversas que permitieran a quien las transita reflexionar y enriquecer su mundo de experiencias.<br \/>\nAdem\u00e1s, durante el presente mes fui invitada a relatar mi recorrido en el Encuentro de educaci\u00f3n matem\u00e1tica virtual EDEM 2020 organizado por la Universidad de General Sarmiento.<br \/>\nUna mirada a mi formaci\u00f3n: un recorrido guiado de diversas experiencias de aprendizaje y ense\u00f1anza, en contextos educativos variados<\/p>\n<p><a href=\"https:\/\/youtu.be\/hDZs-SC_kHA?list=PLm6Q0hXG4UiX0PErwQMoxJc0BJElT-JYf\">Clic aqu\u00ed para ver el video<\/a><\/p>\n<p>&nbsp;<\/p>\n","protected":false},"excerpt":{"rendered":"<p>Una trayectoria educativa en el profesorado de matem\u00e1tica: experiencias en variados contextos educativos &nbsp; Responsables:\u00a0Florencia Mardones, Flavia Santamaria Palabras clave:\u00a0trayectoria educativa, educaci\u00f3n superior, matem\u00e1tica En esta presentaci\u00f3n expondremos el recorrido guidado de diversas experiencias andamiadas de formaci\u00f3n llevadas a cabo por Florencia Mardones, estudiante avanzada del Profesorado Universitario de Matem\u00e1tica del Centro Regional Universitario Bariloche &#8230; <a title=\"Una trayectoria educativa en el profesorado de matem\u00e1tica &#8211; UNComa (mesa 4)\" class=\"read-more\" href=\"https:\/\/ifdbariloche-rng.infd.edu.ar\/sitio\/una-trayectoria-educativa-en-el-profesorado-de-matematica-uncoma-mesa-4\/\" aria-label=\"More on Una trayectoria educativa en el profesorado de matem\u00e1tica &#8211; UNComa (mesa 4)\">[+]<\/a><\/p>\n","protected":false},"author":2164,"featured_media":4544,"comment_status":"open","ping_status":"open","sticky":false,"template":"","format":"standard","meta":[],"categories":[32],"tags":[33],"acf":[],"_links":{"self":[{"href":"https:\/\/ifdbariloche-rng.infd.edu.ar\/sitio\/wp-json\/wp\/v2\/posts\/4542"}],"collection":[{"href":"https:\/\/ifdbariloche-rng.infd.edu.ar\/sitio\/wp-json\/wp\/v2\/posts"}],"about":[{"href":"https:\/\/ifdbariloche-rng.infd.edu.ar\/sitio\/wp-json\/wp\/v2\/types\/post"}],"author":[{"embeddable":true,"href":"https:\/\/ifdbariloche-rng.infd.edu.ar\/sitio\/wp-json\/wp\/v2\/users\/2164"}],"replies":[{"embeddable":true,"href":"https:\/\/ifdbariloche-rng.infd.edu.ar\/sitio\/wp-json\/wp\/v2\/comments?post=4542"}],"version-history":[{"count":1,"href":"https:\/\/ifdbariloche-rng.infd.edu.ar\/sitio\/wp-json\/wp\/v2\/posts\/4542\/revisions"}],"predecessor-version":[{"id":4545,"href":"https:\/\/ifdbariloche-rng.infd.edu.ar\/sitio\/wp-json\/wp\/v2\/posts\/4542\/revisions\/4545"}],"wp:featuredmedia":[{"embeddable":true,"href":"https:\/\/ifdbariloche-rng.infd.edu.ar\/sitio\/wp-json\/wp\/v2\/media\/4544"}],"wp:attachment":[{"href":"https:\/\/ifdbariloche-rng.infd.edu.ar\/sitio\/wp-json\/wp\/v2\/media?parent=4542"}],"wp:term":[{"taxonomy":"category","embeddable":true,"href":"https:\/\/ifdbariloche-rng.infd.edu.ar\/sitio\/wp-json\/wp\/v2\/categories?post=4542"},{"taxonomy":"post_tag","embeddable":true,"href":"https:\/\/ifdbariloche-rng.infd.edu.ar\/sitio\/wp-json\/wp\/v2\/tags?post=4542"}],"curies":[{"name":"wp","href":"https:\/\/api.w.org\/{rel}","templated":true}]}}