{"id":4533,"date":"2020-11-26T12:08:11","date_gmt":"2020-11-26T15:08:11","guid":{"rendered":"https:\/\/ifdbariloche-rng.infd.edu.ar\/sitio\/?p=4533"},"modified":"2020-11-26T12:12:33","modified_gmt":"2020-11-26T15:12:33","slug":"meet-google-com-mav-bebr-nic-instituto-superior-patagonico-sala-4","status":"publish","type":"post","link":"https:\/\/ifdbariloche-rng.infd.edu.ar\/sitio\/meet-google-com-mav-bebr-nic-instituto-superior-patagonico-sala-4\/","title":{"rendered":"La canci\u00f3n de la sala \u2013 grado &#8211; Instituto Superior Patag\u00f3nico (sala 4)"},"content":{"rendered":"<p style=\"text-align: center;\"><strong>La canci\u00f3n de la sala \u2013 grado<\/strong><\/p>\n<p style=\"text-align: right;\"><strong>Responsable<\/strong>:\u00a0<span style=\"font-weight: 400;\">Painefil, Graciela<\/span><\/p>\n<p><strong>Palabras clave:<\/strong>\u00a0educaci\u00f3n musical, nivel inicial, primer ciclo<\/p>\n<p>Dentro del \u00e1rea de educaci\u00f3n musical, me entusiasma poder compartir mi experiencia<br \/>\ncon este proyecto.<br \/>\nLa idea fue pensar y poder componer junto con los chicos, canciones que los<br \/>\nrepresenten, que los acompa\u00f1en y que sean producidas con ellos, con lo que piensan,<br \/>\nsienten y tambi\u00e9n desde lo musical, con aquello que m\u00e1s les gusta y lo pueden hacer.<br \/>\nEn un inicio, las docentes de las salas trabajaron en la definici\u00f3n de los nombres<br \/>\npropios de cada una. Una vez definidos esos nombres, tom\u00e9 la iniciativa de trabajarlo<br \/>\ndesde el \u00e1rea de m\u00fasica.<br \/>\nLos alumnos compartieron diferentes pensamientos y reflexiones, aprendidas sobre su<br \/>\nflora o fauna que los representaba:<br \/>\n\uf0b7 Lo que sab\u00edan y aprendieron de su flora o fauna<br \/>\n\uf0b7 Lo que ellos entendieron de la vida de ese ser vivo<br \/>\n\uf0b7 Lo que sintieron trabajando en el jard\u00edn sobre este tema<br \/>\n\uf0b7 Tambi\u00e9n compartieron vivencias sobre el grupo, la amistad, el compartir y el<br \/>\ntrabajo en la sala.<br \/>\nDesde la m\u00fasica propiamente dicha, se trabaj\u00f3 previamente diversos ritmos de<br \/>\nargentina: Huaynos, carnavalitos, vidalas, bagualas, chacareras. En esta oportunidad<br \/>\nhicimos audici\u00f3n, canto y percusi\u00f3n de instrumentos de la sala, adem\u00e1s tocamos otros<br \/>\ncotidi\u00e1fonos que pudimos encontrar. Desde all\u00ed, se fueron develando los ritmos que<br \/>\nluego quedaron para las canciones que compuse.<\/p>\n<p><a href=\"https:\/\/drive.google.com\/file\/d\/15SGByjf2cWzX3RgxKoRSgDaP2vbCAalH\/view?usp=sharing\">Clic aqu\u00ed para leer la propuesta<\/a><\/p>\n<p><a href=\"https:\/\/drive.google.com\/file\/d\/1BX9sA-8_QgApUrEwZl3bR-vxSE6kiktR\/view?usp=sharing\">Clic aqu\u00ed para ver el video<\/a><\/p>\n","protected":false},"excerpt":{"rendered":"<p>La canci\u00f3n de la sala \u2013 grado Responsable:\u00a0Painefil, Graciela Palabras clave:\u00a0educaci\u00f3n musical, nivel inicial, primer ciclo Dentro del \u00e1rea de educaci\u00f3n musical, me entusiasma poder compartir mi experiencia con este proyecto. La idea fue pensar y poder componer junto con los chicos, canciones que los representen, que los acompa\u00f1en y que sean producidas con ellos, &#8230; <a title=\"La canci\u00f3n de la sala \u2013 grado &#8211; Instituto Superior Patag\u00f3nico (sala 4)\" class=\"read-more\" href=\"https:\/\/ifdbariloche-rng.infd.edu.ar\/sitio\/meet-google-com-mav-bebr-nic-instituto-superior-patagonico-sala-4\/\" aria-label=\"More on La canci\u00f3n de la sala \u2013 grado &#8211; Instituto Superior Patag\u00f3nico (sala 4)\">[+]<\/a><\/p>\n","protected":false},"author":2164,"featured_media":4536,"comment_status":"open","ping_status":"open","sticky":false,"template":"","format":"standard","meta":[],"categories":[32],"tags":[33],"acf":[],"_links":{"self":[{"href":"https:\/\/ifdbariloche-rng.infd.edu.ar\/sitio\/wp-json\/wp\/v2\/posts\/4533"}],"collection":[{"href":"https:\/\/ifdbariloche-rng.infd.edu.ar\/sitio\/wp-json\/wp\/v2\/posts"}],"about":[{"href":"https:\/\/ifdbariloche-rng.infd.edu.ar\/sitio\/wp-json\/wp\/v2\/types\/post"}],"author":[{"embeddable":true,"href":"https:\/\/ifdbariloche-rng.infd.edu.ar\/sitio\/wp-json\/wp\/v2\/users\/2164"}],"replies":[{"embeddable":true,"href":"https:\/\/ifdbariloche-rng.infd.edu.ar\/sitio\/wp-json\/wp\/v2\/comments?post=4533"}],"version-history":[{"count":2,"href":"https:\/\/ifdbariloche-rng.infd.edu.ar\/sitio\/wp-json\/wp\/v2\/posts\/4533\/revisions"}],"predecessor-version":[{"id":4538,"href":"https:\/\/ifdbariloche-rng.infd.edu.ar\/sitio\/wp-json\/wp\/v2\/posts\/4533\/revisions\/4538"}],"wp:featuredmedia":[{"embeddable":true,"href":"https:\/\/ifdbariloche-rng.infd.edu.ar\/sitio\/wp-json\/wp\/v2\/media\/4536"}],"wp:attachment":[{"href":"https:\/\/ifdbariloche-rng.infd.edu.ar\/sitio\/wp-json\/wp\/v2\/media?parent=4533"}],"wp:term":[{"taxonomy":"category","embeddable":true,"href":"https:\/\/ifdbariloche-rng.infd.edu.ar\/sitio\/wp-json\/wp\/v2\/categories?post=4533"},{"taxonomy":"post_tag","embeddable":true,"href":"https:\/\/ifdbariloche-rng.infd.edu.ar\/sitio\/wp-json\/wp\/v2\/tags?post=4533"}],"curies":[{"name":"wp","href":"https:\/\/api.w.org\/{rel}","templated":true}]}}