{"id":4530,"date":"2020-11-26T11:24:22","date_gmt":"2020-11-26T14:24:22","guid":{"rendered":"https:\/\/ifdbariloche-rng.infd.edu.ar\/sitio\/?p=4530"},"modified":"2020-11-26T11:24:22","modified_gmt":"2020-11-26T14:24:22","slug":"proyecto-de-blog-como-cierre-integrador-de-la-uc-ifdc-bariloche-mesa-4","status":"publish","type":"post","link":"https:\/\/ifdbariloche-rng.infd.edu.ar\/sitio\/proyecto-de-blog-como-cierre-integrador-de-la-uc-ifdc-bariloche-mesa-4\/","title":{"rendered":"Proyecto de Blog como cierre integrador de la UC &#8211; IFDC Bariloche (mesa 4)"},"content":{"rendered":"<p style=\"text-align: center;\"><strong>Proyecto de Blog como cierre integrador de la UC Sujeto de la Educaci\u00f3n Inicial II.<\/strong><\/p>\n<p>&nbsp;<\/p>\n<p style=\"text-align: right;\"><strong>Responsables:<\/strong> Prof. Valeria Carpio, Prof. Flavia Gabrielli.<\/p>\n<p><strong>Palabras clave:\u00a0 <\/strong>Educaci\u00f3n Inicial, virtualidad, v\u00ednculo pedag\u00f3gico.<\/p>\n<p>Esta unidad curricular se encuentra en el segundo a\u00f1o del plan de estudios del<br \/>\nprofesorado en Educaci\u00f3n Inicial y es de car\u00e1cter anual. Pertenece al campo de la<br \/>\nformaci\u00f3n espec\u00edfica y se encuentra en el \u00c1rea de Ciencias de la Educaci\u00f3n y Psicolog\u00eda.<br \/>\nEn la misma se aborda el proceso de desarrollo por el que va atravesando el sujeto<br \/>\ndesde su nacimiento, teniendo en cuenta los aspectos biol\u00f3gicos, emocionales, cognitivos<br \/>\nen un contexto sociocultural e hist\u00f3rico. Asimismo, se analiza la conformaci\u00f3n del sujeto y<br \/>\nlos diferentes procesos emocionales y cognitivos que se producen, siempre en relaci\u00f3n con<br \/>\notros y con el entorno. En este sentido, desde distintas perspectivas te\u00f3ricas, se enfatiza y<br \/>\ndestaca la importancia de los primeros a\u00f1os por su influencia en la constituci\u00f3n subjetiva,<br \/>\nconstrucci\u00f3n de conocimientos, vinculaci\u00f3n con los otros y con el mundo que los rodea.<\/p>\n<p>&nbsp;<\/p>\n<p><a href=\"https:\/\/drive.google.com\/file\/d\/18Hai7fCHkGBwbCMsu8d68MXnaJJVz9Ot\/view?usp=sharing\">CLIC AQU\u00cd PARA LEER LA PROPUESTA<\/a><br \/>\n<a href=\"https:\/\/sujetoifdcbariloche.blogspot.com\/?m=1\">CLIC AQU\u00cd PARA IR AL BLOG<\/a><\/p>\n","protected":false},"excerpt":{"rendered":"<p>Proyecto de Blog como cierre integrador de la UC Sujeto de la Educaci\u00f3n Inicial II. &nbsp; Responsables: Prof. Valeria Carpio, Prof. Flavia Gabrielli. Palabras clave:\u00a0 Educaci\u00f3n Inicial, virtualidad, v\u00ednculo pedag\u00f3gico. Esta unidad curricular se encuentra en el segundo a\u00f1o del plan de estudios del profesorado en Educaci\u00f3n Inicial y es de car\u00e1cter anual. Pertenece al &#8230; <a title=\"Proyecto de Blog como cierre integrador de la UC &#8211; IFDC Bariloche (mesa 4)\" class=\"read-more\" href=\"https:\/\/ifdbariloche-rng.infd.edu.ar\/sitio\/proyecto-de-blog-como-cierre-integrador-de-la-uc-ifdc-bariloche-mesa-4\/\" aria-label=\"More on Proyecto de Blog como cierre integrador de la UC &#8211; IFDC Bariloche (mesa 4)\">[+]<\/a><\/p>\n","protected":false},"author":2164,"featured_media":4531,"comment_status":"open","ping_status":"open","sticky":false,"template":"","format":"standard","meta":[],"categories":[32],"tags":[33],"acf":[],"_links":{"self":[{"href":"https:\/\/ifdbariloche-rng.infd.edu.ar\/sitio\/wp-json\/wp\/v2\/posts\/4530"}],"collection":[{"href":"https:\/\/ifdbariloche-rng.infd.edu.ar\/sitio\/wp-json\/wp\/v2\/posts"}],"about":[{"href":"https:\/\/ifdbariloche-rng.infd.edu.ar\/sitio\/wp-json\/wp\/v2\/types\/post"}],"author":[{"embeddable":true,"href":"https:\/\/ifdbariloche-rng.infd.edu.ar\/sitio\/wp-json\/wp\/v2\/users\/2164"}],"replies":[{"embeddable":true,"href":"https:\/\/ifdbariloche-rng.infd.edu.ar\/sitio\/wp-json\/wp\/v2\/comments?post=4530"}],"version-history":[{"count":1,"href":"https:\/\/ifdbariloche-rng.infd.edu.ar\/sitio\/wp-json\/wp\/v2\/posts\/4530\/revisions"}],"predecessor-version":[{"id":4532,"href":"https:\/\/ifdbariloche-rng.infd.edu.ar\/sitio\/wp-json\/wp\/v2\/posts\/4530\/revisions\/4532"}],"wp:featuredmedia":[{"embeddable":true,"href":"https:\/\/ifdbariloche-rng.infd.edu.ar\/sitio\/wp-json\/wp\/v2\/media\/4531"}],"wp:attachment":[{"href":"https:\/\/ifdbariloche-rng.infd.edu.ar\/sitio\/wp-json\/wp\/v2\/media?parent=4530"}],"wp:term":[{"taxonomy":"category","embeddable":true,"href":"https:\/\/ifdbariloche-rng.infd.edu.ar\/sitio\/wp-json\/wp\/v2\/categories?post=4530"},{"taxonomy":"post_tag","embeddable":true,"href":"https:\/\/ifdbariloche-rng.infd.edu.ar\/sitio\/wp-json\/wp\/v2\/tags?post=4530"}],"curies":[{"name":"wp","href":"https:\/\/api.w.org\/{rel}","templated":true}]}}