{"id":4527,"date":"2020-11-26T11:16:30","date_gmt":"2020-11-26T14:16:30","guid":{"rendered":"https:\/\/ifdbariloche-rng.infd.edu.ar\/sitio\/?p=4527"},"modified":"2020-11-26T11:16:30","modified_gmt":"2020-11-26T14:16:30","slug":"red-regional-de-educacion-superiordiscapacidad-y-derechos-humanos-mesa-3","status":"publish","type":"post","link":"https:\/\/ifdbariloche-rng.infd.edu.ar\/sitio\/red-regional-de-educacion-superiordiscapacidad-y-derechos-humanos-mesa-3\/","title":{"rendered":"Red Regional de educaci\u00f3n superior,discapacidad y derechos humanos (mesa 3)"},"content":{"rendered":"<p style=\"text-align: center;\"><strong> Red Regional de educaci\u00f3n superior,discapacidad y derechos humanos<\/strong><\/p>\n<p>&nbsp;<\/p>\n<p><strong>Palabras clave:<\/strong>\u00a0educaci\u00f3n superior,discapacidad y derechos humanos<\/p>\n<p>El 1 de Julio de 2019 nos conformamos como Red Regional de educaci\u00f3n superior,<br \/>\ndiscapacidad y derechos humanos, desde organizaciones e instituciones de Neuqu\u00e9n, R\u00edo<br \/>\nNegro, Chubut y la regi\u00f3n de Araucan\u00eda de Chile. En el marco de la Red interuniversitaria<br \/>\nLatinoamericana y Del Caribe sobre discapacidad y derechos humanos; nuestra regi\u00f3n se<br \/>\ncaracteriza por la incorporaci\u00f3n de los Institutos de Formaci\u00f3n Docente. Esta ronda<br \/>\ninaugural era necesaria como anudamiento, origen de lazos.<br \/>\nLos encuentros como Red, este a\u00f1o se vieron afectados por las medidas de ASPO. Esto,<br \/>\nque en principio fue una barrera, se revirti\u00f3 ampliando la participaci\u00f3n. Tambi\u00e9n decidimos<br \/>\nrealizar propuestas de formaci\u00f3n y de intercambio desde las plataformas y programas de<br \/>\nextensi\u00f3n de nuestras instituciones, sosteniendo activa la lucha por el derecho a la<br \/>\neducaci\u00f3n y en particular la lucha del colectivo de estudiantes en situaci\u00f3n de discapacidad.<br \/>\nCada pr\u00e1ctica docente pensada en clave de Accesibilidad se entrama en el pensamiento<br \/>\ncolectivo que como redes vamos gestando. M\u00e1s all\u00e1 de la participaci\u00f3n directa o indirecta<br \/>\nen programas y equipos espec\u00edficos, sostenemos que es una posici\u00f3n pedag\u00f3gica, \u00e9tica y<br \/>\npol\u00edtica enraizada en el senti pensar cotidiano desde las instituciones.<\/p>\n<p><a href=\"https:\/\/drive.google.com\/file\/d\/10roCPtLN5I60_o392aTHcJ5Cq0oHP5GB\/view?usp=sharing\">CLIC AQU\u00cd PARA VER EL VIDEO<\/a><\/p>\n<p>&nbsp;<\/p>\n","protected":false},"excerpt":{"rendered":"<p>Red Regional de educaci\u00f3n superior,discapacidad y derechos humanos &nbsp; Palabras clave:\u00a0educaci\u00f3n superior,discapacidad y derechos humanos El 1 de Julio de 2019 nos conformamos como Red Regional de educaci\u00f3n superior, discapacidad y derechos humanos, desde organizaciones e instituciones de Neuqu\u00e9n, R\u00edo Negro, Chubut y la regi\u00f3n de Araucan\u00eda de Chile. En el marco de la Red &#8230; <a title=\"Red Regional de educaci\u00f3n superior,discapacidad y derechos humanos (mesa 3)\" class=\"read-more\" href=\"https:\/\/ifdbariloche-rng.infd.edu.ar\/sitio\/red-regional-de-educacion-superiordiscapacidad-y-derechos-humanos-mesa-3\/\" aria-label=\"More on Red Regional de educaci\u00f3n superior,discapacidad y derechos humanos (mesa 3)\">[+]<\/a><\/p>\n","protected":false},"author":2164,"featured_media":4528,"comment_status":"open","ping_status":"open","sticky":false,"template":"","format":"standard","meta":[],"categories":[32],"tags":[33],"acf":[],"_links":{"self":[{"href":"https:\/\/ifdbariloche-rng.infd.edu.ar\/sitio\/wp-json\/wp\/v2\/posts\/4527"}],"collection":[{"href":"https:\/\/ifdbariloche-rng.infd.edu.ar\/sitio\/wp-json\/wp\/v2\/posts"}],"about":[{"href":"https:\/\/ifdbariloche-rng.infd.edu.ar\/sitio\/wp-json\/wp\/v2\/types\/post"}],"author":[{"embeddable":true,"href":"https:\/\/ifdbariloche-rng.infd.edu.ar\/sitio\/wp-json\/wp\/v2\/users\/2164"}],"replies":[{"embeddable":true,"href":"https:\/\/ifdbariloche-rng.infd.edu.ar\/sitio\/wp-json\/wp\/v2\/comments?post=4527"}],"version-history":[{"count":1,"href":"https:\/\/ifdbariloche-rng.infd.edu.ar\/sitio\/wp-json\/wp\/v2\/posts\/4527\/revisions"}],"predecessor-version":[{"id":4529,"href":"https:\/\/ifdbariloche-rng.infd.edu.ar\/sitio\/wp-json\/wp\/v2\/posts\/4527\/revisions\/4529"}],"wp:featuredmedia":[{"embeddable":true,"href":"https:\/\/ifdbariloche-rng.infd.edu.ar\/sitio\/wp-json\/wp\/v2\/media\/4528"}],"wp:attachment":[{"href":"https:\/\/ifdbariloche-rng.infd.edu.ar\/sitio\/wp-json\/wp\/v2\/media?parent=4527"}],"wp:term":[{"taxonomy":"category","embeddable":true,"href":"https:\/\/ifdbariloche-rng.infd.edu.ar\/sitio\/wp-json\/wp\/v2\/categories?post=4527"},{"taxonomy":"post_tag","embeddable":true,"href":"https:\/\/ifdbariloche-rng.infd.edu.ar\/sitio\/wp-json\/wp\/v2\/tags?post=4527"}],"curies":[{"name":"wp","href":"https:\/\/api.w.org\/{rel}","templated":true}]}}