{"id":4514,"date":"2020-11-26T10:07:40","date_gmt":"2020-11-26T13:07:40","guid":{"rendered":"https:\/\/ifdbariloche-rng.infd.edu.ar\/sitio\/?p=4514"},"modified":"2020-11-26T10:08:57","modified_gmt":"2020-11-26T13:08:57","slug":"una-experiencia-virtual-de-compromiso-colectivo","status":"publish","type":"post","link":"https:\/\/ifdbariloche-rng.infd.edu.ar\/sitio\/una-experiencia-virtual-de-compromiso-colectivo\/","title":{"rendered":"Una experiencia virtual, de compromiso colectivo &#8211; Dante Alighieri (mesa 3)"},"content":{"rendered":"<p style=\"text-align: center;\"><strong>Una experiencia virtual, de compromiso colectivo. <\/strong><\/p>\n<p style=\"text-align: right;\"><strong>Responsable:<\/strong> Mariana Gattoni<\/p>\n<p><strong>Palabras clave:<\/strong> Articulaci\u00f3n, virtualidad.<\/p>\n<p>La siguiente experiencia fue desarrollada en una escuela privada de la ciudad de San Carlos de Bariloche.<br \/>\nNuestro principal objetivo fue promover experiencias significativas de articulaci\u00f3n entre el nivel inicial y el nivel primario.<br \/>\nEstamos convencidos de que, a\u00fan en la particularidad del contexto que estamos atravesando, es necesario posibilitar espacios de intercambio y aprendizaje, favoreciendo el derecho a la educaci\u00f3n de nuestro estudiantes<\/p>\n<p><span style=\"font-weight: 400;\">El contexto actual nos condiciona a repensar la mirada sobre este evento y promover los cambios necesarios a fin de lograr que la articulaci\u00f3n entre niveles se lleve a cabo de manera lo m\u00e1s significativa posible. Las condiciones de la virtualidad, no favorecen el conocimiento de los espacios, pero si a la reconstrucci\u00f3n de las din\u00e1micas y a la familiarizaci\u00f3n de las docentes que acompa\u00f1aran a los ni\u00f1os y a las ni\u00f1as durante el pr\u00f3ximo ciclo lectivo.<\/span><\/p>\n<p>&nbsp;<\/p>\n<p><a href=\"https:\/\/drive.google.com\/file\/d\/1_j2KXQxgdalK8gdWekKv2BaLIm_zgCUs\/view?usp=sharing\">Clic aqu\u00ed para leer la propuesta completa<\/a><\/p>\n","protected":false},"excerpt":{"rendered":"<p>Una experiencia virtual, de compromiso colectivo. Responsable: Mariana Gattoni Palabras clave: Articulaci\u00f3n, virtualidad. La siguiente experiencia fue desarrollada en una escuela privada de la ciudad de San Carlos de Bariloche. Nuestro principal objetivo fue promover experiencias significativas de articulaci\u00f3n entre el nivel inicial y el nivel primario. Estamos convencidos de que, a\u00fan en la particularidad &#8230; <a title=\"Una experiencia virtual, de compromiso colectivo &#8211; Dante Alighieri (mesa 3)\" class=\"read-more\" href=\"https:\/\/ifdbariloche-rng.infd.edu.ar\/sitio\/una-experiencia-virtual-de-compromiso-colectivo\/\" aria-label=\"More on Una experiencia virtual, de compromiso colectivo &#8211; Dante Alighieri (mesa 3)\">[+]<\/a><\/p>\n","protected":false},"author":2164,"featured_media":4515,"comment_status":"open","ping_status":"open","sticky":false,"template":"","format":"standard","meta":[],"categories":[32],"tags":[33],"acf":[],"_links":{"self":[{"href":"https:\/\/ifdbariloche-rng.infd.edu.ar\/sitio\/wp-json\/wp\/v2\/posts\/4514"}],"collection":[{"href":"https:\/\/ifdbariloche-rng.infd.edu.ar\/sitio\/wp-json\/wp\/v2\/posts"}],"about":[{"href":"https:\/\/ifdbariloche-rng.infd.edu.ar\/sitio\/wp-json\/wp\/v2\/types\/post"}],"author":[{"embeddable":true,"href":"https:\/\/ifdbariloche-rng.infd.edu.ar\/sitio\/wp-json\/wp\/v2\/users\/2164"}],"replies":[{"embeddable":true,"href":"https:\/\/ifdbariloche-rng.infd.edu.ar\/sitio\/wp-json\/wp\/v2\/comments?post=4514"}],"version-history":[{"count":2,"href":"https:\/\/ifdbariloche-rng.infd.edu.ar\/sitio\/wp-json\/wp\/v2\/posts\/4514\/revisions"}],"predecessor-version":[{"id":4517,"href":"https:\/\/ifdbariloche-rng.infd.edu.ar\/sitio\/wp-json\/wp\/v2\/posts\/4514\/revisions\/4517"}],"wp:featuredmedia":[{"embeddable":true,"href":"https:\/\/ifdbariloche-rng.infd.edu.ar\/sitio\/wp-json\/wp\/v2\/media\/4515"}],"wp:attachment":[{"href":"https:\/\/ifdbariloche-rng.infd.edu.ar\/sitio\/wp-json\/wp\/v2\/media?parent=4514"}],"wp:term":[{"taxonomy":"category","embeddable":true,"href":"https:\/\/ifdbariloche-rng.infd.edu.ar\/sitio\/wp-json\/wp\/v2\/categories?post=4514"},{"taxonomy":"post_tag","embeddable":true,"href":"https:\/\/ifdbariloche-rng.infd.edu.ar\/sitio\/wp-json\/wp\/v2\/tags?post=4514"}],"curies":[{"name":"wp","href":"https:\/\/api.w.org\/{rel}","templated":true}]}}