{"id":4472,"date":"2020-11-25T10:30:42","date_gmt":"2020-11-25T13:30:42","guid":{"rendered":"https:\/\/ifdbariloche-rng.infd.edu.ar\/sitio\/?p=4472"},"modified":"2020-11-25T10:30:42","modified_gmt":"2020-11-25T13:30:42","slug":"desencuentros-y-emociones-estudiantiles-esrn-n-97-mesa-2","status":"publish","type":"post","link":"https:\/\/ifdbariloche-rng.infd.edu.ar\/sitio\/desencuentros-y-emociones-estudiantiles-esrn-n-97-mesa-2\/","title":{"rendered":"Desencuentros y emociones estudiantiles &#8211; ESRN N\u00b0 97 (mesa 2)"},"content":{"rendered":"<p style=\"text-align: center;\"><strong>Desencuentros y emociones estudiantiles: la escuela, los estudiantes y sus\u00a0emociones en tiempos de pandemia<\/strong><\/p>\n<p style=\"text-align: right;\"><strong>Responsables:<\/strong>\u00a0Suez, Jerem\u00edas.\u00a0Espacio de Vida Estudiantil (EVE)<\/p>\n<p><strong>Palabras clave:<\/strong> Pandemia, emociones, v\u00ednculo pedag\u00f3gico.<\/p>\n<p>En este trabajo se presentan distintos aspectos que operan en la comunidad educativa de la ESRN N\u00b0 97 en el actual contexto de emergencia sanitaria, con las distintas implicancias que ello conlleva. El foco estar\u00e1 puesto sobre el factor emocional de nuestros estudiantes en relaci\u00f3n a sus roles como alumnos y en el papel de la escuela, enfocado desde el acompa\u00f1amiento. En funci\u00f3n de ello se contextualizar\u00e1 sobre la situaci\u00f3n actual, se se\u00f1alar\u00e1n las principales problem\u00e1ticas detectadas en materia emocional entre el alumnado y se pondr\u00e1 \u00e9nfasis sobre el proceso de terminalidad de la escuela secundaria que atraviesan nuestros alumnos de quinto a\u00f1o.<\/p>\n<p><strong>Sobre el autor:<\/strong> me llamo Jerem\u00edas Suez, soy de Bariloche y tuve la gracia de caer en la educaci\u00f3n p\u00fablica asistiendo a secundarios locales, para terminar form\u00e1ndome en Ciencias Antropol\u00f3gicas a trav\u00e9s de una licenciatura que curs\u00e9 en la Universidad Nacional de R\u00edo Negro \u2013 Sede Andina. Comenc\u00e9 a trabajar en docencia en el a\u00f1o 2014 en la ESRN N\u00b0 97 como suplente de la asignatura antropolog\u00eda, luego, en el a\u00f1o 2018, retorn\u00e9 a la escuela como Referente de Espacio de Vida Estudiantil (REVE). Desde ese momento hasta el presente me desempe\u00f1o en el Espacio de Vida Estudiantil (EVE), un espacio curricular en el cual se busca empoderar a los estudiantes fomentando su participaci\u00f3n en la vida institucional y ejercitar sus capacidades de autogesti\u00f3n a trav\u00e9s de la creaci\u00f3n y ejecuci\u00f3n de proyectos propios de los estudiantes que representen sus intereses.<\/p>\n<p>&nbsp;<\/p>\n<p><a href=\"https:\/\/drive.google.com\/file\/d\/1LUmkijBuFlEYHyMmSqWWr32hx5Gb7LCV\/view?usp=sharing\">LEER LA PROPUESTA COMPLETA<\/a><\/p>\n","protected":false},"excerpt":{"rendered":"<p>Desencuentros y emociones estudiantiles: la escuela, los estudiantes y sus\u00a0emociones en tiempos de pandemia Responsables:\u00a0Suez, Jerem\u00edas.\u00a0Espacio de Vida Estudiantil (EVE) Palabras clave: Pandemia, emociones, v\u00ednculo pedag\u00f3gico. En este trabajo se presentan distintos aspectos que operan en la comunidad educativa de la ESRN N\u00b0 97 en el actual contexto de emergencia sanitaria, con las distintas implicancias &#8230; <a title=\"Desencuentros y emociones estudiantiles &#8211; ESRN N\u00b0 97 (mesa 2)\" class=\"read-more\" href=\"https:\/\/ifdbariloche-rng.infd.edu.ar\/sitio\/desencuentros-y-emociones-estudiantiles-esrn-n-97-mesa-2\/\" aria-label=\"More on Desencuentros y emociones estudiantiles &#8211; ESRN N\u00b0 97 (mesa 2)\">[+]<\/a><\/p>\n","protected":false},"author":2164,"featured_media":4474,"comment_status":"open","ping_status":"open","sticky":false,"template":"","format":"standard","meta":[],"categories":[32],"tags":[33],"acf":[],"_links":{"self":[{"href":"https:\/\/ifdbariloche-rng.infd.edu.ar\/sitio\/wp-json\/wp\/v2\/posts\/4472"}],"collection":[{"href":"https:\/\/ifdbariloche-rng.infd.edu.ar\/sitio\/wp-json\/wp\/v2\/posts"}],"about":[{"href":"https:\/\/ifdbariloche-rng.infd.edu.ar\/sitio\/wp-json\/wp\/v2\/types\/post"}],"author":[{"embeddable":true,"href":"https:\/\/ifdbariloche-rng.infd.edu.ar\/sitio\/wp-json\/wp\/v2\/users\/2164"}],"replies":[{"embeddable":true,"href":"https:\/\/ifdbariloche-rng.infd.edu.ar\/sitio\/wp-json\/wp\/v2\/comments?post=4472"}],"version-history":[{"count":1,"href":"https:\/\/ifdbariloche-rng.infd.edu.ar\/sitio\/wp-json\/wp\/v2\/posts\/4472\/revisions"}],"predecessor-version":[{"id":4475,"href":"https:\/\/ifdbariloche-rng.infd.edu.ar\/sitio\/wp-json\/wp\/v2\/posts\/4472\/revisions\/4475"}],"wp:featuredmedia":[{"embeddable":true,"href":"https:\/\/ifdbariloche-rng.infd.edu.ar\/sitio\/wp-json\/wp\/v2\/media\/4474"}],"wp:attachment":[{"href":"https:\/\/ifdbariloche-rng.infd.edu.ar\/sitio\/wp-json\/wp\/v2\/media?parent=4472"}],"wp:term":[{"taxonomy":"category","embeddable":true,"href":"https:\/\/ifdbariloche-rng.infd.edu.ar\/sitio\/wp-json\/wp\/v2\/categories?post=4472"},{"taxonomy":"post_tag","embeddable":true,"href":"https:\/\/ifdbariloche-rng.infd.edu.ar\/sitio\/wp-json\/wp\/v2\/tags?post=4472"}],"curies":[{"name":"wp","href":"https:\/\/api.w.org\/{rel}","templated":true}]}}