{"id":4469,"date":"2020-11-25T10:23:30","date_gmt":"2020-11-25T13:23:30","guid":{"rendered":"https:\/\/ifdbariloche-rng.infd.edu.ar\/sitio\/?p=4469"},"modified":"2020-11-26T12:53:30","modified_gmt":"2020-11-26T15:53:30","slug":"conversatorios-comunitarios-equipo-jardin-maternal-comunitario-n-31-mesa-2","status":"publish","type":"post","link":"https:\/\/ifdbariloche-rng.infd.edu.ar\/sitio\/conversatorios-comunitarios-equipo-jardin-maternal-comunitario-n-31-mesa-2\/","title":{"rendered":"Conversatorios Comunitarios &#8211; Equipo Jard\u00edn Maternal Comunitario N 31 (mesa 2)"},"content":{"rendered":"<p style=\"text-align: center;\"><strong>Conversatorios Comunitarios<\/strong><\/p>\n<p>&nbsp;<\/p>\n<p style=\"text-align: right;\"><strong>Responsables:<\/strong> Francis Rossetto, Teresa Condor\u00ed, Evelyn Immediata, Alejandra Gonz\u00e1lez, Samanta Vivas, Carolina Galv\u00e1n, Noelia Mercado, Romina Carabajal, Silvia Schroeder, Nora Oviedo, Laura Vel\u00e1zquez, Nuria Varela,\u00a0Fernando Valeria (Secretario), Ludmila Sica (Directora).<\/p>\n<p style=\"text-align: left;\"><strong>Palabras clave:<\/strong> reflexi\u00f3n colectiva &#8211; acompa\u00f1amiento &#8211; crianza<\/p>\n<p>Transitando el actual contexto ASPO, en los diferentes grupos de WhatsApp de\u00a0salas, se fueron generando di\u00e1logos entre las familias y las educadoras, referidas a\u00a0tem\u00e1ticas que los iban atravesando en cuanto a la crianza.<br \/>\nAl comenzar a debatir dentro del Equipo Institucional de que manera pod\u00edamos\u00a0socializar este acompa\u00f1amiento, Silvia Schroeder sugiri\u00f3 organizar encuentros en\u00a0formato \u201cTaller\u201d, en esta l\u00ednea, Fernando Valeria, propuso que, en vez de Talleres, se<br \/>\nrealicen \u201cConversatorios\u201d, ya que dan la posibilidad de la horizontalidad a diferencia\u00a0de los talleres en donde una persona es la que mantiene un discurso.<br \/>\nAs\u00ed fue como se gener\u00f3 una idea potente a trav\u00e9s de un encuentro de\u00a0acompa\u00f1amiento entre todos y todas, como si estuvi\u00e9semos sentados en una \u201cmesa\u00a0redonda\u201d, en donde se diera lugar a un espacio de contenci\u00f3n y acompa\u00f1amiento que\u00a0promueva la socializaci\u00f3n de experiencias y saberes el cual est\u00e1bamos necesitando\u00a0como comunidad educativa dentro del contexto ASPO como fortalecedor y favorecedor\u00a0del trabajo comunitario en el v\u00ednculo de confianza.<br \/>\nA partir de la evaluaci\u00f3n de esta necesidad comunitaria, es que se comenzaron\u00a0a delinear diferentes l\u00edneas de acci\u00f3n, sabiendo que presentaba un gran desaf\u00edo para\u00a0todo el equipo y que, a la vez, nos pon\u00eda en un lugar de tensi\u00f3n ya que nunca se hab\u00eda\u00a0desarrollado esta din\u00e1mica.<\/p>\n<p><a href=\"https:\/\/drive.google.com\/file\/d\/1j5rZ3_KxH3SHg9nDJBBj2EA9UsVTbADd\/view?usp=sharing\">LEER LA EXPERIENCIA COMPLETA<\/a><\/p>\n","protected":false},"excerpt":{"rendered":"<p>Conversatorios Comunitarios &nbsp; Responsables: Francis Rossetto, Teresa Condor\u00ed, Evelyn Immediata, Alejandra Gonz\u00e1lez, Samanta Vivas, Carolina Galv\u00e1n, Noelia Mercado, Romina Carabajal, Silvia Schroeder, Nora Oviedo, Laura Vel\u00e1zquez, Nuria Varela,\u00a0Fernando Valeria (Secretario), Ludmila Sica (Directora). Palabras clave: reflexi\u00f3n colectiva &#8211; acompa\u00f1amiento &#8211; crianza Transitando el actual contexto ASPO, en los diferentes grupos de WhatsApp de\u00a0salas, se fueron &#8230; <a title=\"Conversatorios Comunitarios &#8211; Equipo Jard\u00edn Maternal Comunitario N 31 (mesa 2)\" class=\"read-more\" href=\"https:\/\/ifdbariloche-rng.infd.edu.ar\/sitio\/conversatorios-comunitarios-equipo-jardin-maternal-comunitario-n-31-mesa-2\/\" aria-label=\"More on Conversatorios Comunitarios &#8211; Equipo Jard\u00edn Maternal Comunitario N 31 (mesa 2)\">[+]<\/a><\/p>\n","protected":false},"author":2164,"featured_media":4470,"comment_status":"open","ping_status":"open","sticky":false,"template":"","format":"standard","meta":[],"categories":[32],"tags":[33],"acf":[],"_links":{"self":[{"href":"https:\/\/ifdbariloche-rng.infd.edu.ar\/sitio\/wp-json\/wp\/v2\/posts\/4469"}],"collection":[{"href":"https:\/\/ifdbariloche-rng.infd.edu.ar\/sitio\/wp-json\/wp\/v2\/posts"}],"about":[{"href":"https:\/\/ifdbariloche-rng.infd.edu.ar\/sitio\/wp-json\/wp\/v2\/types\/post"}],"author":[{"embeddable":true,"href":"https:\/\/ifdbariloche-rng.infd.edu.ar\/sitio\/wp-json\/wp\/v2\/users\/2164"}],"replies":[{"embeddable":true,"href":"https:\/\/ifdbariloche-rng.infd.edu.ar\/sitio\/wp-json\/wp\/v2\/comments?post=4469"}],"version-history":[{"count":4,"href":"https:\/\/ifdbariloche-rng.infd.edu.ar\/sitio\/wp-json\/wp\/v2\/posts\/4469\/revisions"}],"predecessor-version":[{"id":4541,"href":"https:\/\/ifdbariloche-rng.infd.edu.ar\/sitio\/wp-json\/wp\/v2\/posts\/4469\/revisions\/4541"}],"wp:featuredmedia":[{"embeddable":true,"href":"https:\/\/ifdbariloche-rng.infd.edu.ar\/sitio\/wp-json\/wp\/v2\/media\/4470"}],"wp:attachment":[{"href":"https:\/\/ifdbariloche-rng.infd.edu.ar\/sitio\/wp-json\/wp\/v2\/media?parent=4469"}],"wp:term":[{"taxonomy":"category","embeddable":true,"href":"https:\/\/ifdbariloche-rng.infd.edu.ar\/sitio\/wp-json\/wp\/v2\/categories?post=4469"},{"taxonomy":"post_tag","embeddable":true,"href":"https:\/\/ifdbariloche-rng.infd.edu.ar\/sitio\/wp-json\/wp\/v2\/tags?post=4469"}],"curies":[{"name":"wp","href":"https:\/\/api.w.org\/{rel}","templated":true}]}}