{"id":4465,"date":"2020-11-25T10:11:17","date_gmt":"2020-11-25T13:11:17","guid":{"rendered":"https:\/\/ifdbariloche-rng.infd.edu.ar\/sitio\/?p=4465"},"modified":"2020-11-25T10:55:04","modified_gmt":"2020-11-25T13:55:04","slug":"programa-de-accesibilidad-ifdc-bariloche-mesa-2","status":"publish","type":"post","link":"https:\/\/ifdbariloche-rng.infd.edu.ar\/sitio\/programa-de-accesibilidad-ifdc-bariloche-mesa-2\/","title":{"rendered":"Programa de Accesibilidad &#8211; IFDC Bariloche (mesa 2)"},"content":{"rendered":"<p style=\"text-align: center;\"><strong>\u201cPrograma de Accesibilidad IFDC\u201d<\/strong><\/p>\n<p style=\"text-align: right;\"><strong>Responsables:<\/strong>\u00a0Equipo del Programa de Accesibilidad.<\/p>\n<p style=\"text-align: left;\"><strong>Palabras clave:<\/strong> Accesibilidad, educaci\u00f3n superior.<\/p>\n<p>El Programa de accesibilidad del IFDC Bariloche surge a partir de la decisi\u00f3n,<br \/>\ncomo instituci\u00f3n, de pensar sobre las propias pr\u00e1cticas, desde la perspectiva de la<br \/>\nsituaci\u00f3n de discapacidad, entramando experiencias de quienes conformamos esta<br \/>\ncomunidad educativa. En relaci\u00f3n con otras organizaciones e instituciones. En la<br \/>\nb\u00fasqueda de una construcci\u00f3n de alcance jurisdiccional, que garantice la<br \/>\naccesibilidad como condici\u00f3n b\u00e1sica del ejercicio del derecho a la educaci\u00f3n de<br \/>\nnivel superior.<br \/>\nNos organizamos como Programa, articul\u00e1ndonos y participando desde la<br \/>\nformaci\u00f3n inicial y permanente, la investigaci\u00f3n y extensi\u00f3n. Los grupos de trabajo<br \/>\nabiertos y din\u00e1micos permiten el estar siendo parte en los tiempos y de acuerdo a<br \/>\nlos intereses de cada persona. Con esta modalidad realizamos acciones en relaci\u00f3n<br \/>\na la accesibilidad f\u00edsica, de la comunicaci\u00f3n, acad\u00e9mica y simb\u00f3lica.<br \/>\nDestacamos particularmente el trabajo de las compa\u00f1eras de Equipo de<br \/>\nBiblioteca que han logrado evidenciar modos concretos de hacer efectivo el acceso<br \/>\nal material de estudio: puerta clave de la formaci\u00f3n.<br \/>\nLa articulaci\u00f3n con otras instituciones a nivel local, regional y nacional, resulta<br \/>\nclave, no solo como medio sino en su finalidad formadora desde la pr\u00e1ctica.<\/p>\n<p><a href=\"https:\/\/drive.google.com\/file\/d\/14Qo3_pA20-W9c2mKooaLbF3usxZGmUP_\/view\">CLIC AQU\u00cd PARA VER EL VIDEO<\/a><\/p>\n","protected":false},"excerpt":{"rendered":"<p>\u201cPrograma de Accesibilidad IFDC\u201d Responsables:\u00a0Equipo del Programa de Accesibilidad. Palabras clave: Accesibilidad, educaci\u00f3n superior. El Programa de accesibilidad del IFDC Bariloche surge a partir de la decisi\u00f3n, como instituci\u00f3n, de pensar sobre las propias pr\u00e1cticas, desde la perspectiva de la situaci\u00f3n de discapacidad, entramando experiencias de quienes conformamos esta comunidad educativa. En relaci\u00f3n con otras &#8230; <a title=\"Programa de Accesibilidad &#8211; IFDC Bariloche (mesa 2)\" class=\"read-more\" href=\"https:\/\/ifdbariloche-rng.infd.edu.ar\/sitio\/programa-de-accesibilidad-ifdc-bariloche-mesa-2\/\" aria-label=\"More on Programa de Accesibilidad &#8211; IFDC Bariloche (mesa 2)\">[+]<\/a><\/p>\n","protected":false},"author":2164,"featured_media":4467,"comment_status":"open","ping_status":"open","sticky":false,"template":"","format":"standard","meta":[],"categories":[32],"tags":[33],"acf":[],"_links":{"self":[{"href":"https:\/\/ifdbariloche-rng.infd.edu.ar\/sitio\/wp-json\/wp\/v2\/posts\/4465"}],"collection":[{"href":"https:\/\/ifdbariloche-rng.infd.edu.ar\/sitio\/wp-json\/wp\/v2\/posts"}],"about":[{"href":"https:\/\/ifdbariloche-rng.infd.edu.ar\/sitio\/wp-json\/wp\/v2\/types\/post"}],"author":[{"embeddable":true,"href":"https:\/\/ifdbariloche-rng.infd.edu.ar\/sitio\/wp-json\/wp\/v2\/users\/2164"}],"replies":[{"embeddable":true,"href":"https:\/\/ifdbariloche-rng.infd.edu.ar\/sitio\/wp-json\/wp\/v2\/comments?post=4465"}],"version-history":[{"count":4,"href":"https:\/\/ifdbariloche-rng.infd.edu.ar\/sitio\/wp-json\/wp\/v2\/posts\/4465\/revisions"}],"predecessor-version":[{"id":4481,"href":"https:\/\/ifdbariloche-rng.infd.edu.ar\/sitio\/wp-json\/wp\/v2\/posts\/4465\/revisions\/4481"}],"wp:featuredmedia":[{"embeddable":true,"href":"https:\/\/ifdbariloche-rng.infd.edu.ar\/sitio\/wp-json\/wp\/v2\/media\/4467"}],"wp:attachment":[{"href":"https:\/\/ifdbariloche-rng.infd.edu.ar\/sitio\/wp-json\/wp\/v2\/media?parent=4465"}],"wp:term":[{"taxonomy":"category","embeddable":true,"href":"https:\/\/ifdbariloche-rng.infd.edu.ar\/sitio\/wp-json\/wp\/v2\/categories?post=4465"},{"taxonomy":"post_tag","embeddable":true,"href":"https:\/\/ifdbariloche-rng.infd.edu.ar\/sitio\/wp-json\/wp\/v2\/tags?post=4465"}],"curies":[{"name":"wp","href":"https:\/\/api.w.org\/{rel}","templated":true}]}}