{"id":4461,"date":"2020-11-25T09:57:51","date_gmt":"2020-11-25T12:57:51","guid":{"rendered":"https:\/\/ifdbariloche-rng.infd.edu.ar\/sitio\/?p=4461"},"modified":"2020-11-25T09:59:45","modified_gmt":"2020-11-25T12:59:45","slug":"leer-y-escribir-como-acontecimientos-escuela-primaria-vida-mesa-2","status":"publish","type":"post","link":"https:\/\/ifdbariloche-rng.infd.edu.ar\/sitio\/leer-y-escribir-como-acontecimientos-escuela-primaria-vida-mesa-2\/","title":{"rendered":"Leer y escribir como acontecimientos &#8211; Escuela primaria Vida (mesa 2)"},"content":{"rendered":"<p style=\"text-align: center;\"><strong>Leer y escribir como acontecimientos<\/strong><\/p>\n<p>&nbsp;<\/p>\n<p style=\"text-align: right;\"><strong>Responsables:<\/strong> Escuela primaria Vida, Escuela p\u00fablica de Gesti\u00f3n<br \/>\nsocial Gente Nueva. Silvina Fern\u00e1ndez y Yolanda Azocar,<br \/>\nAlicia Pez,\u00a0Federico Ingaramo director,\u00a0Ramona Avalos.<\/p>\n<p>&nbsp;<\/p>\n<p><strong>Palabras clave:\u00a0<\/strong>Acontecimiento, pandemia.<\/p>\n<p>Lejos de quedar perplejos la pandemia es una invitaci\u00f3n a un nuevo modo de presencia en la virtualidad.<br \/>\nPrimer grado en pandemia, alfabetizaci\u00f3n por wasap\u2026cualquier modo de nombrarlo queda corto para lo mucho que hay all\u00ed dentro.<br \/>\nDentro de cada casa, dentro de cada ni\u00f1@, dentro de cada adulto que toma como propio ese encargo, del lado de la escuela o del lado de la familia.<br \/>\nConstruir un modo , un sentido, un por qu\u00e9, un para que, un deseo, una trama.<br \/>\nAsumir la interrupci\u00f3n, pero poder mirar lo mucho que hay ah\u00ed de posibilidad.<br \/>\nLeer y escribir en el sentido Freiriano.<br \/>\nLeer el mundo, ofrecerse a ser le\u00eddo, dar de leer como dar de comer.<br \/>\nEste video surge del intercambios de audios con una mam\u00e1, ilustrados maravillosamente por nuestra profe Alicia Pez que ilumina y llena de color lo que toca con sus acuarelas .<br \/>\nLa m\u00fasica de Marcelo Saccomano,artista local.<br \/>\nQue la trama se siga armando con quienes gusten mirar y compartir estas escenas.<\/p>\n<p><strong>Ver la experiencia:\u00a0<\/strong><\/p>\n<p style=\"text-align: center;\"><iframe loading=\"lazy\" src=\"https:\/\/www.youtube.com\/embed\/y_sKlf61dQY\" width=\"560\" height=\"315\" frameborder=\"0\" allowfullscreen=\"allowfullscreen\"><\/iframe><\/p>\n<p style=\"text-align: center;\">\n","protected":false},"excerpt":{"rendered":"<p>Leer y escribir como acontecimientos &nbsp; Responsables: Escuela primaria Vida, Escuela p\u00fablica de Gesti\u00f3n social Gente Nueva. Silvina Fern\u00e1ndez y Yolanda Azocar, Alicia Pez,\u00a0Federico Ingaramo director,\u00a0Ramona Avalos. &nbsp; Palabras clave:\u00a0Acontecimiento, pandemia. Lejos de quedar perplejos la pandemia es una invitaci\u00f3n a un nuevo modo de presencia en la virtualidad. Primer grado en pandemia, alfabetizaci\u00f3n por &#8230; <a title=\"Leer y escribir como acontecimientos &#8211; Escuela primaria Vida (mesa 2)\" class=\"read-more\" href=\"https:\/\/ifdbariloche-rng.infd.edu.ar\/sitio\/leer-y-escribir-como-acontecimientos-escuela-primaria-vida-mesa-2\/\" aria-label=\"More on Leer y escribir como acontecimientos &#8211; Escuela primaria Vida (mesa 2)\">[+]<\/a><\/p>\n","protected":false},"author":2164,"featured_media":4464,"comment_status":"open","ping_status":"open","sticky":false,"template":"","format":"standard","meta":[],"categories":[32],"tags":[33],"acf":[],"_links":{"self":[{"href":"https:\/\/ifdbariloche-rng.infd.edu.ar\/sitio\/wp-json\/wp\/v2\/posts\/4461"}],"collection":[{"href":"https:\/\/ifdbariloche-rng.infd.edu.ar\/sitio\/wp-json\/wp\/v2\/posts"}],"about":[{"href":"https:\/\/ifdbariloche-rng.infd.edu.ar\/sitio\/wp-json\/wp\/v2\/types\/post"}],"author":[{"embeddable":true,"href":"https:\/\/ifdbariloche-rng.infd.edu.ar\/sitio\/wp-json\/wp\/v2\/users\/2164"}],"replies":[{"embeddable":true,"href":"https:\/\/ifdbariloche-rng.infd.edu.ar\/sitio\/wp-json\/wp\/v2\/comments?post=4461"}],"version-history":[{"count":2,"href":"https:\/\/ifdbariloche-rng.infd.edu.ar\/sitio\/wp-json\/wp\/v2\/posts\/4461\/revisions"}],"predecessor-version":[{"id":4463,"href":"https:\/\/ifdbariloche-rng.infd.edu.ar\/sitio\/wp-json\/wp\/v2\/posts\/4461\/revisions\/4463"}],"wp:featuredmedia":[{"embeddable":true,"href":"https:\/\/ifdbariloche-rng.infd.edu.ar\/sitio\/wp-json\/wp\/v2\/media\/4464"}],"wp:attachment":[{"href":"https:\/\/ifdbariloche-rng.infd.edu.ar\/sitio\/wp-json\/wp\/v2\/media?parent=4461"}],"wp:term":[{"taxonomy":"category","embeddable":true,"href":"https:\/\/ifdbariloche-rng.infd.edu.ar\/sitio\/wp-json\/wp\/v2\/categories?post=4461"},{"taxonomy":"post_tag","embeddable":true,"href":"https:\/\/ifdbariloche-rng.infd.edu.ar\/sitio\/wp-json\/wp\/v2\/tags?post=4461"}],"curies":[{"name":"wp","href":"https:\/\/api.w.org\/{rel}","templated":true}]}}