{"id":4447,"date":"2020-11-25T09:45:40","date_gmt":"2020-11-25T12:45:40","guid":{"rendered":"https:\/\/ifdbariloche-rng.infd.edu.ar\/sitio\/?p=4447"},"modified":"2020-11-25T10:56:12","modified_gmt":"2020-11-25T13:56:12","slug":"elaboracion-de-contenidos-educativos-y-culturales-ifdc-bariloche-mesa-2","status":"publish","type":"post","link":"https:\/\/ifdbariloche-rng.infd.edu.ar\/sitio\/elaboracion-de-contenidos-educativos-y-culturales-ifdc-bariloche-mesa-2\/","title":{"rendered":"Elaboraci\u00f3n de contenidos radiales &#8211; IFDC Bariloche (Mesa 2)"},"content":{"rendered":"<p style=\"text-align: center;\"><strong>\u00abProyecto de elaboraci\u00f3n de contenidos educativos y culturales para la primera infancia<\/strong><\/p>\n<p style=\"text-align: center;\"><strong>y difusi\u00f3n a trav\u00e9s de medios radiales\u201d<\/strong><\/p>\n<p>&nbsp;<\/p>\n<p style=\"text-align: right;\"><strong>Responsables: Ivana Evans- Gabriela Alzona &#8211; Natalia Santana &#8211; Flavia Gabrielli &#8211; Cecilia<\/strong><br \/>\n<strong>Esefer- Mariana Pabstleblen- Bel\u00e9n Floria<\/strong><\/p>\n<p>&nbsp;<\/p>\n<p><strong>Palabras clave:<\/strong> V\u00ednculo pedag\u00f3gico, nivel inicial, radio.<\/p>\n<p style=\"text-align: left;\">La idea surge a prop\u00f3sito de este tiempo de aislamiento como un modo de generar con<br \/>\nles estudiantes de tercer a\u00f1o propuestas creativas y originales que puedan ser difundidas<br \/>\npor medios radiales para llegar a ni\u00f1es y familias de nuestra localidad o de otras zonas<br \/>\nalejadas como la ruralidad.<br \/>\nNos interesa recuperar o poner en valor la experiencia de la radio como experiencia<br \/>\nest\u00e9tica en relaci\u00f3n a la expresividad y a la divulgaci\u00f3n de contenidos culturales y<br \/>\nart\u00edsticos. Todo acto expresivo-comunicativo presente en las infancias a trav\u00e9s del juego,<br \/>\nen la narraci\u00f3n oral, el canto, la m\u00fasica entre otros, vincula a los sujetos entrelazando<br \/>\nsaberes, sumergi\u00e9ndonos en la cultura de los pueblos, m\u00e1s all\u00e1 del tiempo y el espacio.<br \/>\nEste proyecto tiene un car\u00e1cter interdisciplinar que permite involucrar a distintas \u00e1reas y<br \/>\nprofesores como tambi\u00e9n articular saberes que est\u00e1n en construcci\u00f3n en los distintos<br \/>\nespacios curriculares que les estudiantes transitan durante este a\u00f1o. Apostamos a un<br \/>\ntrabajo colaborativo y compartido con colegas que signifique el enriquecimiento de los<br \/>\nconocimientos y experiencias no s\u00f3lo de les estudiantes sino tambi\u00e9n de les profesores.<br \/>\nComo experiencia formativa consideramos que es una posibilidad de poner a jugar los<br \/>\nrecursos expresivos de la voz y la m\u00fasica, para generar contenidos adecuados a les ni\u00f1es<br \/>\nde Bariloche y la zona.<\/p>\n<p style=\"text-align: left;\"><a href=\"https:\/\/drive.google.com\/file\/d\/1QlhxxmoMfd4Dkkd8ktr3lRVrCiARldGS\/view?usp=sharing\">Clic aqu\u00ed para escuchar la experiencia<\/a><\/p>\n<p style=\"text-align: center;\">\n","protected":false},"excerpt":{"rendered":"<p>\u00abProyecto de elaboraci\u00f3n de contenidos educativos y culturales para la primera infancia y difusi\u00f3n a trav\u00e9s de medios radiales\u201d &nbsp; Responsables: Ivana Evans- Gabriela Alzona &#8211; Natalia Santana &#8211; Flavia Gabrielli &#8211; Cecilia Esefer- Mariana Pabstleblen- Bel\u00e9n Floria &nbsp; Palabras clave: V\u00ednculo pedag\u00f3gico, nivel inicial, radio. La idea surge a prop\u00f3sito de este tiempo de &#8230; <a title=\"Elaboraci\u00f3n de contenidos radiales &#8211; IFDC Bariloche (Mesa 2)\" class=\"read-more\" href=\"https:\/\/ifdbariloche-rng.infd.edu.ar\/sitio\/elaboracion-de-contenidos-educativos-y-culturales-ifdc-bariloche-mesa-2\/\" aria-label=\"More on Elaboraci\u00f3n de contenidos radiales &#8211; IFDC Bariloche (Mesa 2)\">[+]<\/a><\/p>\n","protected":false},"author":2164,"featured_media":4457,"comment_status":"open","ping_status":"open","sticky":false,"template":"","format":"standard","meta":[],"categories":[32],"tags":[],"acf":[],"_links":{"self":[{"href":"https:\/\/ifdbariloche-rng.infd.edu.ar\/sitio\/wp-json\/wp\/v2\/posts\/4447"}],"collection":[{"href":"https:\/\/ifdbariloche-rng.infd.edu.ar\/sitio\/wp-json\/wp\/v2\/posts"}],"about":[{"href":"https:\/\/ifdbariloche-rng.infd.edu.ar\/sitio\/wp-json\/wp\/v2\/types\/post"}],"author":[{"embeddable":true,"href":"https:\/\/ifdbariloche-rng.infd.edu.ar\/sitio\/wp-json\/wp\/v2\/users\/2164"}],"replies":[{"embeddable":true,"href":"https:\/\/ifdbariloche-rng.infd.edu.ar\/sitio\/wp-json\/wp\/v2\/comments?post=4447"}],"version-history":[{"count":9,"href":"https:\/\/ifdbariloche-rng.infd.edu.ar\/sitio\/wp-json\/wp\/v2\/posts\/4447\/revisions"}],"predecessor-version":[{"id":4482,"href":"https:\/\/ifdbariloche-rng.infd.edu.ar\/sitio\/wp-json\/wp\/v2\/posts\/4447\/revisions\/4482"}],"wp:featuredmedia":[{"embeddable":true,"href":"https:\/\/ifdbariloche-rng.infd.edu.ar\/sitio\/wp-json\/wp\/v2\/media\/4457"}],"wp:attachment":[{"href":"https:\/\/ifdbariloche-rng.infd.edu.ar\/sitio\/wp-json\/wp\/v2\/media?parent=4447"}],"wp:term":[{"taxonomy":"category","embeddable":true,"href":"https:\/\/ifdbariloche-rng.infd.edu.ar\/sitio\/wp-json\/wp\/v2\/categories?post=4447"},{"taxonomy":"post_tag","embeddable":true,"href":"https:\/\/ifdbariloche-rng.infd.edu.ar\/sitio\/wp-json\/wp\/v2\/tags?post=4447"}],"curies":[{"name":"wp","href":"https:\/\/api.w.org\/{rel}","templated":true}]}}