{"id":4443,"date":"2020-11-25T09:13:06","date_gmt":"2020-11-25T12:13:06","guid":{"rendered":"https:\/\/ifdbariloche-rng.infd.edu.ar\/sitio\/?p=4443"},"modified":"2020-11-25T09:41:08","modified_gmt":"2020-11-25T12:41:08","slug":"un-centenario-virtual-escuela-n-11-caba-mesa-1","status":"publish","type":"post","link":"https:\/\/ifdbariloche-rng.infd.edu.ar\/sitio\/un-centenario-virtual-escuela-n-11-caba-mesa-1\/","title":{"rendered":"Un Centenario virtual &#8211; Escuela N\u00b0 11 CABA (Mesa 1)"},"content":{"rendered":"<p style=\"text-align: center;\"><strong>Un centenario virtual, un logro de equipo<\/strong><\/p>\n<p style=\"text-align: right;\"><em><strong>Ramos, Graciela. <\/strong><\/em><br \/>\n<em><strong>Escuela \u201cRep\u00fablica del Per\u00fa\u201d N\u00b0 11. CABA.\u00a0<\/strong><\/em><\/p>\n<p><strong>Palabras claves<\/strong>: virtualidad, comunidad,<\/p>\n<p>Al iniciar el ciclo lectivo 2020, toda la Comunidad Escolar sab\u00eda que el 25 de Octubre de \u00e9ste a\u00f1o, la Escuela \u201cRep\u00fablica del Per\u00fa \u201c n\u00b0 11 del Distrito Escolar n\u00b018, cumplir\u00eda 100 a\u00f1os de su fundaci\u00f3n, o sea que festejar\u00edamos su primer Centenario.<br \/>\nMi ingreso en la docencia hab\u00eda sido en esa Escuela, all\u00e1 por 1993, desempe\u00f1\u00e1ndome como Profesora de Educaci\u00f3n Artesanal y T\u00e9cnica, luego de transcurridos catorce a\u00f1os, me retir\u00e9 y volv\u00ed a la misma en el a\u00f1o 2013, pero ya en el rol de Maestra Bibliotecaria del turno ma\u00f1ana.<\/p>\n<p><img decoding=\"async\" loading=\"lazy\" class=\"alignnone size-full wp-image-4448\" src=\"https:\/\/ifdbariloche-rng.infd.edu.ar\/sitio\/wp-content\/uploads\/2020\/11\/centenario.jpg\" alt=\"\" width=\"900\" height=\"514\" srcset=\"https:\/\/ifdbariloche-rng.infd.edu.ar\/sitio\/wp-content\/uploads\/2020\/11\/centenario.jpg 900w, https:\/\/ifdbariloche-rng.infd.edu.ar\/sitio\/wp-content\/uploads\/2020\/11\/centenario-768x439.jpg 768w\" sizes=\"(max-width: 900px) 100vw, 900px\" \/><\/p>\n<p>Las ideas que pose\u00edamos los docentes sobre el festejo estaban plasmadas en unos borradores escritos por febrero del presente a\u00f1o. Lamentablemente la no presencialidad nos ubic\u00f3 frente a un gran interrogante: \u00bfc\u00f3mo lo realizar\u00edamos?.<br \/>\nPor mitad del a\u00f1o, y ya atravesando la pandemia sumidos en actividades virtuales comenzaron las reuniones. Utilizando los Zooms y los Meets empezamos a bosquejar \u00e9ste festejo. Toda la comunidad educativa formaba parte, as\u00ed que siguieron muchas reuniones m\u00e1s en grandes grupos y en peque\u00f1os.<\/p>\n<p>El rol de nuestra Directora Liliana fue vital para accionar con todos los niveles y \u00e1reas: la escuela cuenta con dos salas de Jard\u00edn de Infantes del Nivel Inicial (llamado el JIN C ) y en el turno vespertino funcionan los Maestros de ciclo de Educaci\u00f3n Primaria de Adolescentes y Adultos, y distintos cursos como Computaci\u00f3n, Telar, Folklore y Cocina.<\/p>\n<p>Vimos la primera necesidad que era poner al tanto a la Comunidad sobre \u00e9stos festejos, es por eso que necesit\u00e1bamos un canal de comunicaci\u00f3n por el que recibir\u00edamos informaci\u00f3n de las familias, docentes, egresados, auxiliares, ex docentes y ex auxiliares ya que ese ser\u00eda el insumo para nuestra recopilaci\u00f3n informativa y a su vez los tuvi\u00e9ramos al tanto de las acciones de los festejos. Se cre\u00f3 el mail que se llama: centenarioperu2020@gmail.com el mismo se plasm\u00f3 en dos flyers que circularon por los canales que utiliza la escuela con las familias 8la plataforma Edmodo, el Blog de la Escuela y los mails de las familias. En la Biblioteca pose\u00edamos fotograf\u00edas antiguas, recortes de diarios, folletos, material de la Escuela de muchos a\u00f1os anteriores, por lo que una bibliotecaria Bibiana fue a registrar fotos de \u00e9se material para reconstruir la historia (previo acuerdo con la Conducci\u00f3n para poder ingresar el d\u00eda que hab\u00eda Canastas Alimentarias y la Escuela abr\u00eda las puertas a las familias).<\/p>\n<p>Entonces empezamos a recibir mucha informaci\u00f3n in\u00e9dita, egresados antiguos, fotograf\u00edas de muchos a\u00f1os y una riqueza en los testimonios escritos, nombrando maestros y an\u00e9cdotas. Adem\u00e1s muchos enriquecieron nuestro acervo con videos actuales, con saludos y agradecimientos.<\/p>\n<p>Por \u00e9ste entonces armamos la Comisi\u00f3n Centenario que iba recibiendo y agradeciendo \u00e9se valioso material: Daniela, Tom\u00e1s, Andrea, Cristina, Viviana ,Bibiana, Gabriela, Marcela, Mariana y yo junto con la Directora Liliana. Se arm\u00f3 un grupo de wasap para manejar las dudas, tomar decisiones y pasos a seguir, cada uno aport\u00f3 su saber, su experiencia y sobre todo su amor a la Escuela, su compromiso y gran RESPONSABILIDAD de hacer visibles a otros lo trabajado.<\/p>\n<p>Por otro lado la Se\u00f1ora Cristina, docente de quinto grado llevaba a cabo el proyecto so\u00f1ado \u201cC\u00e1psula del Tiempo\u201d en forma presencial, ya que est\u00e1 instalada en los muros de la Escuela la misma. La docente de tercero Gabriela tambi\u00e9n hab\u00eda organizado una entrega presencial de diplomas por \u201cTrayectoria\u201d y \u201cSegunda generaci\u00f3n\u201d, que cont\u00f3 con la presencia del personal de Conducci\u00f3n, Auxiliares, el transportista Escolar y padres de la Cooperadora. Esa instancia qued\u00f3 grabada y reflejan momentos emotivos en el hall de la Escuela (respetando el distanciamiento social). Adem\u00e1s la docente mantuvo desde el primer momento contacto con el Facebook de Egresados que posee la escuela, en un continuo devenir de ideas y propuestas enriquecedoras.<br \/>\nSe cre\u00f3 un blog que fue nutri\u00e9ndose de todo lo recibido al mail. Muchas fotos se unificaron en collages (por la gran cantidad). En el blog la informaci\u00f3n se categoriz\u00f3 en pesta\u00f1as : Egresados, Dejaron su huella (docentes y no docentes), Nivel Inicial, Adultos y adolescentes. Los posteos en el blog los realizamos todos las dos bibliotecarias pero los manten\u00edamos en borrador hasta el d\u00eda clave.<\/p>\n<p>Mientras tanto todos los grados de primaria concretaban sus proyectos y nos enviaban el producto final. Si eran videos se iban subiendo al Canal de Youtube creado con el mismo nombre del mail.\u00a0\u00a0Toda la comisi\u00f3n particip\u00f3 de la carga de videos, manejos del drive, organizaci\u00f3n en carpetas,etc. Tom\u00e1s nuestro profesor de Educaci\u00f3n Musical se dedic\u00f3 a compilar fotograf\u00edas y as\u00ed armar varios videos. Cada uno desde su lugar hizo que se concrete el sue\u00f1o virtual.<\/p>\n<p>Con la docente Viviana gui\u00e9 el homenaje virtual a trav\u00e9s de la plataforma Zoom, cada intervenci\u00f3n anunciaba lo recibido (trabajos de las familias, saludos de Supervisores, del Embajador, de la Conducci\u00f3n, etc.) y se iban realizando peque\u00f1as grabaciones.\u00a0Ese enorme video final (de treinta y siete minutos) fue excelentemente armado por Evangelina, la Coordinadora de Intec, que supo combinar calidad y estilo (le estamos realmente agradecidos).<\/p>\n<p>Todo el material segu\u00eda en estado de borrador y los videos ocultos en el Canal de Youtube , hasta que dieron las 00.00 hs del d\u00eda memorable 25 de Octubre de 2020. \u00a1Hemos cumplido el objetivo y lo hemos superado!\u00a0Recibimos el reconocimiento de muchos al ver tanto material en las redes, continuamos con una juntada de globos en el frente de la escuela, la emoci\u00f3n fue el com\u00fan denominador para tan grande haza\u00f1a\u2026un CENTENARIO VIRTUAL Invito a todos a visitar nuestros sitios disfrutar de los logros de la tarea compartida: <strong>un centenario virtual, un logro de equipo<\/strong>.<\/p>\n<p style=\"text-align: center;\"><a href=\"https:\/\/centenarioperu2020.blogspot.com\/\">VER EL BLOG<\/a> &#8211; <a href=\"https:\/\/www.youtube.com\/channel\/UCb5g7E4wHlXW_KT_DqF0uvw\/videos\">VER CANAL DE YOUTUBE<\/a><\/p>\n","protected":false},"excerpt":{"rendered":"<p>Un centenario virtual, un logro de equipo Ramos, Graciela. Escuela \u201cRep\u00fablica del Per\u00fa\u201d N\u00b0 11. CABA.\u00a0 Palabras claves: virtualidad, comunidad, Al iniciar el ciclo lectivo 2020, toda la Comunidad Escolar sab\u00eda que el 25 de Octubre de \u00e9ste a\u00f1o, la Escuela \u201cRep\u00fablica del Per\u00fa \u201c n\u00b0 11 del Distrito Escolar n\u00b018, cumplir\u00eda 100 a\u00f1os de &#8230; <a title=\"Un Centenario virtual &#8211; Escuela N\u00b0 11 CABA (Mesa 1)\" class=\"read-more\" href=\"https:\/\/ifdbariloche-rng.infd.edu.ar\/sitio\/un-centenario-virtual-escuela-n-11-caba-mesa-1\/\" aria-label=\"More on Un Centenario virtual &#8211; Escuela N\u00b0 11 CABA (Mesa 1)\">[+]<\/a><\/p>\n","protected":false},"author":2164,"featured_media":4448,"comment_status":"open","ping_status":"open","sticky":false,"template":"","format":"standard","meta":[],"categories":[32],"tags":[33],"acf":[],"_links":{"self":[{"href":"https:\/\/ifdbariloche-rng.infd.edu.ar\/sitio\/wp-json\/wp\/v2\/posts\/4443"}],"collection":[{"href":"https:\/\/ifdbariloche-rng.infd.edu.ar\/sitio\/wp-json\/wp\/v2\/posts"}],"about":[{"href":"https:\/\/ifdbariloche-rng.infd.edu.ar\/sitio\/wp-json\/wp\/v2\/types\/post"}],"author":[{"embeddable":true,"href":"https:\/\/ifdbariloche-rng.infd.edu.ar\/sitio\/wp-json\/wp\/v2\/users\/2164"}],"replies":[{"embeddable":true,"href":"https:\/\/ifdbariloche-rng.infd.edu.ar\/sitio\/wp-json\/wp\/v2\/comments?post=4443"}],"version-history":[{"count":3,"href":"https:\/\/ifdbariloche-rng.infd.edu.ar\/sitio\/wp-json\/wp\/v2\/posts\/4443\/revisions"}],"predecessor-version":[{"id":4449,"href":"https:\/\/ifdbariloche-rng.infd.edu.ar\/sitio\/wp-json\/wp\/v2\/posts\/4443\/revisions\/4449"}],"wp:featuredmedia":[{"embeddable":true,"href":"https:\/\/ifdbariloche-rng.infd.edu.ar\/sitio\/wp-json\/wp\/v2\/media\/4448"}],"wp:attachment":[{"href":"https:\/\/ifdbariloche-rng.infd.edu.ar\/sitio\/wp-json\/wp\/v2\/media?parent=4443"}],"wp:term":[{"taxonomy":"category","embeddable":true,"href":"https:\/\/ifdbariloche-rng.infd.edu.ar\/sitio\/wp-json\/wp\/v2\/categories?post=4443"},{"taxonomy":"post_tag","embeddable":true,"href":"https:\/\/ifdbariloche-rng.infd.edu.ar\/sitio\/wp-json\/wp\/v2\/tags?post=4443"}],"curies":[{"name":"wp","href":"https:\/\/api.w.org\/{rel}","templated":true}]}}