{"id":4438,"date":"2020-11-25T08:48:29","date_gmt":"2020-11-25T11:48:29","guid":{"rendered":"https:\/\/ifdbariloche-rng.infd.edu.ar\/sitio\/?p=4438"},"modified":"2020-11-25T09:23:37","modified_gmt":"2020-11-25T12:23:37","slug":"cruzando-miradas-ies-7-venado-tuerto-santa-fe-mesa-1","status":"publish","type":"post","link":"https:\/\/ifdbariloche-rng.infd.edu.ar\/sitio\/cruzando-miradas-ies-7-venado-tuerto-santa-fe-mesa-1\/","title":{"rendered":"Cruzando Miradas IES 7 Venado Tuerto Santa Fe (Mesa 1)"},"content":{"rendered":"<p style=\"text-align: right;\" align=\"justify\"><em><strong>Guadagnini, Carina; Rivolta. Roc\u00edo<\/strong><\/em><br \/>\n<em><strong>IES 7, Venado Tuerto, Santa Fe.<\/strong><\/em><\/p>\n<p><strong>Palabras claves<\/strong>: formaci\u00f3n docente, educaci\u00f3n inicial, conversatorios,<\/p>\n<p><img decoding=\"async\" loading=\"lazy\" class=\"alignnone size-full wp-image-4439 aligncenter\" src=\"https:\/\/ifdbariloche-rng.infd.edu.ar\/sitio\/wp-content\/uploads\/2020\/11\/IES7SANTAFE.JPG.jpg\" alt=\"\" width=\"500\" height=\"500\" \/><\/p>\n<p><span style=\"font-family: Liberation Serif, serif;\"><span style=\"font-size: medium;\">Interpelados por la construcci\u00f3n del oficio docente, asumimos el desaf\u00edo de re-editar la tercera edici\u00f3n del proyecto \u201cCruzando Miradas\u201d en un nuevo formato: la virtualidad, compartiendo diferentes miradas en relaci\u00f3n a la educaci\u00f3n inicial y las infancias. <\/span><\/span><\/p>\n<p><span style=\"font-family: Liberation Serif, serif;\"><span style=\"font-size: medium;\">Desde esta realidad, nos propusimos generar encuentros portados por diversas voces interdisciplinarias\u00a0 de nuestra comunidad educativa, regionales, hasta superar otros l\u00edmites provinciales habilitados por las redes de la tecnolog\u00eda y la generosidad del saber compartido. De esta manera intentamos ir tejiendo encuentros, como lazos que unen a los\/as sujetos,\u00a0 con sus proyectos y sue\u00f1os. <\/span><\/span><\/p>\n<p><span style=\"font-family: Liberation Serif, serif;\"><span style=\"font-size: medium;\">Para ello desarrollamos una serie de cinco encuentros de intercambio con diversas voces interdisciplinarias, a partir de conversatorios transmitidos por un canal de YouTube.\u00a0<\/span><\/span><span style=\"font-family: Liberation Serif, serif;\"><span style=\"font-size: medium;\">Dichas conversaciones estuvieron dirigidas a profesionales de la educaci\u00f3n, profesores, estudiantes en formaci\u00f3n, escuelas asociadas, docentes, promoviendo el oficio como un acontecimiento abierto de pura preparaci\u00f3n. <\/span><\/span><\/p>\n<p><span style=\"font-family: Liberation Serif, serif;\"><span style=\"font-size: medium;\">Estos encuentros pretendieron ofrecer espacios de di\u00e1logo y reflexi\u00f3n dentro de la formaci\u00f3n inicial y las pr\u00e1cticas docentes, contemplando un posicionamiento en la Educaci\u00f3n integral, posibilitando una aproximaci\u00f3n desde campos espec\u00edficos y sus intervenciones profesionales identificados dentro de este contexto. <\/span><\/span><\/p>\n<p><span style=\"font-family: Liberation Serif, serif;\"><span style=\"font-size: medium;\">De esta manera, la tecnolog\u00eda, las emociones, el arte, la literatura y los distintos lenguajes se reunieron en este cruce de miradas que siempre se renueva y nos encuentra en la esperanza de continuar entramando juntos.<\/span><\/span><\/p>\n<p style=\"text-align: center;\"><a href=\"https:\/\/www.youtube.com\/watch?v=PxZVdyWR_dU&amp;amp%3Bfeature=youtu.be\">VER PROPUESTA EN YOUTUBE<\/a><\/p>\n","protected":false},"excerpt":{"rendered":"<p>Guadagnini, Carina; Rivolta. Roc\u00edo IES 7, Venado Tuerto, Santa Fe. Palabras claves: formaci\u00f3n docente, educaci\u00f3n inicial, conversatorios, Interpelados por la construcci\u00f3n del oficio docente, asumimos el desaf\u00edo de re-editar la tercera edici\u00f3n del proyecto \u201cCruzando Miradas\u201d en un nuevo formato: la virtualidad, compartiendo diferentes miradas en relaci\u00f3n a la educaci\u00f3n inicial y las infancias. Desde &#8230; <a title=\"Cruzando Miradas IES 7 Venado Tuerto Santa Fe (Mesa 1)\" class=\"read-more\" href=\"https:\/\/ifdbariloche-rng.infd.edu.ar\/sitio\/cruzando-miradas-ies-7-venado-tuerto-santa-fe-mesa-1\/\" aria-label=\"More on Cruzando Miradas IES 7 Venado Tuerto Santa Fe (Mesa 1)\">[+]<\/a><\/p>\n","protected":false},"author":2164,"featured_media":4439,"comment_status":"open","ping_status":"open","sticky":false,"template":"","format":"standard","meta":[],"categories":[32],"tags":[33],"acf":[],"_links":{"self":[{"href":"https:\/\/ifdbariloche-rng.infd.edu.ar\/sitio\/wp-json\/wp\/v2\/posts\/4438"}],"collection":[{"href":"https:\/\/ifdbariloche-rng.infd.edu.ar\/sitio\/wp-json\/wp\/v2\/posts"}],"about":[{"href":"https:\/\/ifdbariloche-rng.infd.edu.ar\/sitio\/wp-json\/wp\/v2\/types\/post"}],"author":[{"embeddable":true,"href":"https:\/\/ifdbariloche-rng.infd.edu.ar\/sitio\/wp-json\/wp\/v2\/users\/2164"}],"replies":[{"embeddable":true,"href":"https:\/\/ifdbariloche-rng.infd.edu.ar\/sitio\/wp-json\/wp\/v2\/comments?post=4438"}],"version-history":[{"count":1,"href":"https:\/\/ifdbariloche-rng.infd.edu.ar\/sitio\/wp-json\/wp\/v2\/posts\/4438\/revisions"}],"predecessor-version":[{"id":4440,"href":"https:\/\/ifdbariloche-rng.infd.edu.ar\/sitio\/wp-json\/wp\/v2\/posts\/4438\/revisions\/4440"}],"wp:featuredmedia":[{"embeddable":true,"href":"https:\/\/ifdbariloche-rng.infd.edu.ar\/sitio\/wp-json\/wp\/v2\/media\/4439"}],"wp:attachment":[{"href":"https:\/\/ifdbariloche-rng.infd.edu.ar\/sitio\/wp-json\/wp\/v2\/media?parent=4438"}],"wp:term":[{"taxonomy":"category","embeddable":true,"href":"https:\/\/ifdbariloche-rng.infd.edu.ar\/sitio\/wp-json\/wp\/v2\/categories?post=4438"},{"taxonomy":"post_tag","embeddable":true,"href":"https:\/\/ifdbariloche-rng.infd.edu.ar\/sitio\/wp-json\/wp\/v2\/tags?post=4438"}],"curies":[{"name":"wp","href":"https:\/\/api.w.org\/{rel}","templated":true}]}}