{"id":4378,"date":"2020-11-09T18:27:07","date_gmt":"2020-11-09T21:27:07","guid":{"rendered":"https:\/\/ifdbariloche-rng.infd.edu.ar\/sitio\/?p=4378"},"modified":"2020-12-11T22:31:10","modified_gmt":"2020-12-12T01:31:10","slug":"1-cargo-profesor-a-campo-de-la-practica-peinicial","status":"publish","type":"post","link":"https:\/\/ifdbariloche-rng.infd.edu.ar\/sitio\/1-cargo-profesor-a-campo-de-la-practica-peinicial\/","title":{"rendered":"1 cargo Profesor\/a Campo de la Pr\u00e1ctica  P.E. Inicial"},"content":{"rendered":"<p>Concurso para cubrir un cargo de :<\/p>\n<div>\n<table>\n<tbody>\n<tr>\n<td><b>AREA \/ CARRERA<\/b><\/td>\n<td><b>CARGOS<\/b><\/td>\n<td><b>CAR\u00c1CTER<\/b><\/td>\n<\/tr>\n<tr>\n<td><span style=\"font-weight: 400;\">Profesorado de Educaci\u00f3n Inicial<\/span><\/td>\n<td><span style=\"font-weight: 400;\">\u00a0\u00a0\u00a0\u00a0\u00a0\u00a0\u00a0\u00a0\u00a0<\/span><\/p>\n<p style=\"text-align: center;\"><span style=\"font-weight: 400;\">\u00a0\u00a0\u00a0\u00a0\u00a0\u00a0\u00a0\u00a0\u00a0\u00a0\u00a0\u00a0\u00a0\u00a0\u00a0\u00a0\u00a01 cargo de profesor\/a (dedicaci\u00f3n completa, 30 horas)<\/span><\/p>\n<p style=\"text-align: center;\"><b>\u00a0\u00a0\u00a0\u00a0\u00a0\u00a0\u00a0\u00a0\u00a0\u00a0\u00a0\u00a0\u00a0Campo de la Pr\u00e1ctica profesional<\/b><\/p>\n<\/td>\n<td><span style=\"font-weight: 400;\">\u00a0\u00a0\u00a0<\/span><\/p>\n<p><span style=\"font-weight: 400;\">\u00a0\u00a0Interino<\/span><\/td>\n<\/tr>\n<\/tbody>\n<\/table>\n<h4><b>CRONOGRAMA\u00a0\u00a0 DEL\u00a0\u00a0 LLAMADO<\/b><\/h4>\n<p><b>DIFUSI\u00d3N:<\/b><span style=\"font-weight: 400;\"> del 09 al 11 de noviembre de 2020<\/span><\/p>\n<p><b>INSCRIPCI\u00d3N VIRTUAL<\/b><b>: \u00a0 <\/b><span style=\"font-weight: 400;\">Del 12\u00a0 al 24 de noviembre de 2020, v\u00eda Formulario Drive siguiente:\u00a0<\/span><\/p>\n<p><a href=\"https:\/\/forms.gle\/RxEEUCJSh2RRgHCs6\"><span style=\"font-weight: 400;\">https:\/\/forms.gle\/RxEEUCJSh2RRgHCs6<\/span><\/a><\/p>\n<p>(El Formulario se habilitar\u00e1 el d\u00eda de inscripci\u00f3n)<\/p>\n<p>para mayor informaci\u00f3n escribir a secretariageneral@ifdc.edu.ar<\/p>\n<p><a href=\"https:\/\/drive.google.com\/file\/d\/1WuCLODL0-LiPSWlaDzUVt4VALGkG7lkL\/view?usp=sharing\">BASES AQUI<\/a><\/p>\n<div><strong>Reuni\u00f3n informativa y de consulta para quienes est\u00e9n interesadxs<\/strong>, d\u00eda Martes 17, a las 17:30 hs, se realizar\u00e1 en plataforma meet<\/div>\n<div>enlace:<a href=\"https:\/\/meet.google.com\/ofr-dvsv-qdj\" target=\"_blank\" rel=\"noopener\" data-saferedirecturl=\"https:\/\/www.google.com\/url?q=https:\/\/meet.google.com\/ofr-dvsv-qdj&amp;source=gmail&amp;ust=1605298968836000&amp;usg=AFQjCNHxgC-BQ34DSasziPKt8eFQyBpYyg\">https:\/\/meet.google.<wbr \/>com\/ofr-dvsv-qdj<\/a><\/div>\n<p><b>\u00a0Fecha de Concurso<\/b>:\u00a0 16 de diciembre,2020<\/p>\n<p><strong><span style=\"color: #800080;\">Mesa evaluadora:<\/span><\/strong><\/p>\n<p>Prof. Graciela Mastella<\/p>\n<p>Prof. Ivana Evans<\/p>\n<p>Prof. Geraldine Peterlini<\/p>\n<p>Est. Victoria Lev\u00edn<\/p>\n<p><strong>Postulantes:<\/strong><\/p>\n<div><span id=\"m_6452605299052557931gmail-docs-internal-guid-698e8cc4-7fff-7c25-079b-5e2cf096c76e\">YA\u00d1EZ, Karina Eugenia\u00a0<\/span><\/div>\n<div>YA\u00d1EZ, Liliana Elizabeth<\/div>\n<div>FERN\u00c1NDEZ MURGIC, Mar\u00eda Bel\u00e9n<\/div>\n<div>GALOSI, Mar\u00eda Carolina<\/div>\n<div>MAR\u00cdN ARANDA, Mar\u00eda Alejandra<\/div>\n<div>GUINAO, Diana<\/div>\n<div><span id=\"m_6452605299052557931gmail-docs-internal-guid-56a0a4c0-7fff-553f-1fd5-16f7c7decf3a\">P\u00c9REZ DE VILLA, Estefan\u00eda\u00a0<\/span><\/div>\n<\/div>\n","protected":false},"excerpt":{"rendered":"<p>Concurso para cubrir un cargo de : AREA \/ CARRERA CARGOS CAR\u00c1CTER Profesorado de Educaci\u00f3n Inicial \u00a0\u00a0\u00a0\u00a0\u00a0\u00a0\u00a0\u00a0\u00a0 \u00a0\u00a0\u00a0\u00a0\u00a0\u00a0\u00a0\u00a0\u00a0\u00a0\u00a0\u00a0\u00a0\u00a0\u00a0\u00a0\u00a01 cargo de profesor\/a (dedicaci\u00f3n completa, 30 horas) \u00a0\u00a0\u00a0\u00a0\u00a0\u00a0\u00a0\u00a0\u00a0\u00a0\u00a0\u00a0\u00a0Campo de la Pr\u00e1ctica profesional \u00a0\u00a0\u00a0 \u00a0\u00a0Interino CRONOGRAMA\u00a0\u00a0 DEL\u00a0\u00a0 LLAMADO DIFUSI\u00d3N: del 09 al 11 de noviembre de 2020 INSCRIPCI\u00d3N VIRTUAL: \u00a0 Del 12\u00a0 al 24 de noviembre de 2020, &#8230; <a title=\"1 cargo Profesor\/a Campo de la Pr\u00e1ctica  P.E. Inicial\" class=\"read-more\" href=\"https:\/\/ifdbariloche-rng.infd.edu.ar\/sitio\/1-cargo-profesor-a-campo-de-la-practica-peinicial\/\" aria-label=\"More on 1 cargo Profesor\/a Campo de la Pr\u00e1ctica  P.E. Inicial\">[+]<\/a><\/p>\n","protected":false},"author":2164,"featured_media":0,"comment_status":"open","ping_status":"open","sticky":false,"template":"","format":"standard","meta":[],"categories":[1],"tags":[],"acf":[],"_links":{"self":[{"href":"https:\/\/ifdbariloche-rng.infd.edu.ar\/sitio\/wp-json\/wp\/v2\/posts\/4378"}],"collection":[{"href":"https:\/\/ifdbariloche-rng.infd.edu.ar\/sitio\/wp-json\/wp\/v2\/posts"}],"about":[{"href":"https:\/\/ifdbariloche-rng.infd.edu.ar\/sitio\/wp-json\/wp\/v2\/types\/post"}],"author":[{"embeddable":true,"href":"https:\/\/ifdbariloche-rng.infd.edu.ar\/sitio\/wp-json\/wp\/v2\/users\/2164"}],"replies":[{"embeddable":true,"href":"https:\/\/ifdbariloche-rng.infd.edu.ar\/sitio\/wp-json\/wp\/v2\/comments?post=4378"}],"version-history":[{"count":15,"href":"https:\/\/ifdbariloche-rng.infd.edu.ar\/sitio\/wp-json\/wp\/v2\/posts\/4378\/revisions"}],"predecessor-version":[{"id":4589,"href":"https:\/\/ifdbariloche-rng.infd.edu.ar\/sitio\/wp-json\/wp\/v2\/posts\/4378\/revisions\/4589"}],"wp:attachment":[{"href":"https:\/\/ifdbariloche-rng.infd.edu.ar\/sitio\/wp-json\/wp\/v2\/media?parent=4378"}],"wp:term":[{"taxonomy":"category","embeddable":true,"href":"https:\/\/ifdbariloche-rng.infd.edu.ar\/sitio\/wp-json\/wp\/v2\/categories?post=4378"},{"taxonomy":"post_tag","embeddable":true,"href":"https:\/\/ifdbariloche-rng.infd.edu.ar\/sitio\/wp-json\/wp\/v2\/tags?post=4378"}],"curies":[{"name":"wp","href":"https:\/\/api.w.org\/{rel}","templated":true}]}}