{"id":4357,"date":"2020-11-06T12:46:05","date_gmt":"2020-11-06T15:46:05","guid":{"rendered":"https:\/\/ifdbariloche-rng.infd.edu.ar\/sitio\/?p=4357"},"modified":"2020-12-02T08:30:22","modified_gmt":"2020-12-02T11:30:22","slug":"ciencias-sociales-suplencia-pe-inicial-30-horas","status":"publish","type":"post","link":"https:\/\/ifdbariloche-rng.infd.edu.ar\/sitio\/ciencias-sociales-suplencia-pe-inicial-30-horas\/","title":{"rendered":"Ciencias Sociales Suplencia PE Inicial 30 horas"},"content":{"rendered":"<p>Concurso para cubrir un cargo:<\/p>\n<p>&nbsp;<\/p>\n<table>\n<tbody>\n<tr>\n<td><b>AREA \/ CARRERA<\/b><\/td>\n<td><b>CARGOS<\/b><\/td>\n<td><b>CAR\u00c1CTER<\/b><\/td>\n<\/tr>\n<tr>\n<td><span style=\"font-weight: 400;\">\u00c1rea de Ciencias sociales<\/span><\/p>\n<p><span style=\"font-weight: 400;\">Profesorado de Educaci\u00f3n Inicial<\/span><\/td>\n<td><span style=\"font-weight: 400;\">1 cargo de Profesor (30 hs.)<\/span><\/p>\n<p><b>Ciencias sociales<\/b><\/td>\n<td><span style=\"font-weight: 400;\">\u00a0<\/span><\/p>\n<p><span style=\"font-weight: 400;\">\u00a0\u00a0<\/span> <span style=\"font-weight: 400;\">Suplente<\/span><\/td>\n<\/tr>\n<\/tbody>\n<\/table>\n<p><span style=\"font-weight: 400;\">\u00a0<\/span><\/p>\n<p>&nbsp;<\/p>\n<p><b>\u00a0<\/b><\/p>\n<h4><b>CRONOGRAMA\u00a0\u00a0 DEL\u00a0\u00a0 LLAMADO<\/b><\/h4>\n<p>&nbsp;<\/p>\n<p><b>DIFUSI\u00d3N:<\/b><span style=\"font-weight: 400;\"> del 06\u00a0 al\u00a0 08\u00a0 de noviembre de 2020<\/span><\/p>\n<p><b>INSCRIPCI\u00d3N:<\/b><span style=\"font-weight: 400;\">VIRTUAL:\u00a0 del 09 al 18\u00a0 de noviembre de 2020: se recibir\u00e1n proyectos y CV formato digital v\u00eda <a href=\"https:\/\/docs.google.com\/forms\/d\/e\/1FAIpQLSfe73qA63ThI4fwk39XJyLSKxrVgcEsVO935NIsinqMNAJNoQ\/viewform?usp=sf_link\">Formulario Drive<\/a><\/span><\/p>\n<p>Para m\u00e1s informaci\u00f3n:\u00a0 escribir a <strong>secretariageneral@ifdc.edu.ar<\/strong><\/p>\n<p><a href=\"https:\/\/drive.google.com\/file\/d\/1ztVUtcefovU_IPLDrQiiQ6hZb7ozIC08\/view?usp=sharing\">Bases Aqu\u00ed<\/a><\/p>\n<p><strong>FECHA DE COMCURSO: viernes 4 de diciembre.<\/strong><\/p>\n<p><strong>MESA EVALUADORA:<\/strong><\/p>\n<p>Prof. Lusseti, Liliana<\/p>\n<p>Prof. Jofr\u00e9, Anal\u00eda<\/p>\n<p>Prof. Mara Brandwaiman<\/p>\n<p>Varnes Nancy (est.)<\/p>\n<p><strong>POSTULANTES:<\/strong><\/p>\n<p>CREGO, Mar\u00eda Laura<\/p>\n<p>BULZOMI, Ariel Hern\u00e1n<\/p>\n<p>SENATORE, Luc\u00eda<\/p>\n","protected":false},"excerpt":{"rendered":"<p>Concurso para cubrir un cargo: &nbsp; AREA \/ CARRERA CARGOS CAR\u00c1CTER \u00c1rea de Ciencias sociales Profesorado de Educaci\u00f3n Inicial 1 cargo de Profesor (30 hs.) Ciencias sociales \u00a0 \u00a0\u00a0 Suplente \u00a0 &nbsp; \u00a0 CRONOGRAMA\u00a0\u00a0 DEL\u00a0\u00a0 LLAMADO &nbsp; DIFUSI\u00d3N: del 06\u00a0 al\u00a0 08\u00a0 de noviembre de 2020 INSCRIPCI\u00d3N:VIRTUAL:\u00a0 del 09 al 18\u00a0 de noviembre de 2020: &#8230; <a title=\"Ciencias Sociales Suplencia PE Inicial 30 horas\" class=\"read-more\" href=\"https:\/\/ifdbariloche-rng.infd.edu.ar\/sitio\/ciencias-sociales-suplencia-pe-inicial-30-horas\/\" aria-label=\"More on Ciencias Sociales Suplencia PE Inicial 30 horas\">[+]<\/a><\/p>\n","protected":false},"author":2164,"featured_media":0,"comment_status":"open","ping_status":"open","sticky":false,"template":"","format":"standard","meta":[],"categories":[1],"tags":[],"acf":[],"_links":{"self":[{"href":"https:\/\/ifdbariloche-rng.infd.edu.ar\/sitio\/wp-json\/wp\/v2\/posts\/4357"}],"collection":[{"href":"https:\/\/ifdbariloche-rng.infd.edu.ar\/sitio\/wp-json\/wp\/v2\/posts"}],"about":[{"href":"https:\/\/ifdbariloche-rng.infd.edu.ar\/sitio\/wp-json\/wp\/v2\/types\/post"}],"author":[{"embeddable":true,"href":"https:\/\/ifdbariloche-rng.infd.edu.ar\/sitio\/wp-json\/wp\/v2\/users\/2164"}],"replies":[{"embeddable":true,"href":"https:\/\/ifdbariloche-rng.infd.edu.ar\/sitio\/wp-json\/wp\/v2\/comments?post=4357"}],"version-history":[{"count":6,"href":"https:\/\/ifdbariloche-rng.infd.edu.ar\/sitio\/wp-json\/wp\/v2\/posts\/4357\/revisions"}],"predecessor-version":[{"id":4568,"href":"https:\/\/ifdbariloche-rng.infd.edu.ar\/sitio\/wp-json\/wp\/v2\/posts\/4357\/revisions\/4568"}],"wp:attachment":[{"href":"https:\/\/ifdbariloche-rng.infd.edu.ar\/sitio\/wp-json\/wp\/v2\/media?parent=4357"}],"wp:term":[{"taxonomy":"category","embeddable":true,"href":"https:\/\/ifdbariloche-rng.infd.edu.ar\/sitio\/wp-json\/wp\/v2\/categories?post=4357"},{"taxonomy":"post_tag","embeddable":true,"href":"https:\/\/ifdbariloche-rng.infd.edu.ar\/sitio\/wp-json\/wp\/v2\/tags?post=4357"}],"curies":[{"name":"wp","href":"https:\/\/api.w.org\/{rel}","templated":true}]}}