{"id":4346,"date":"2020-10-30T11:52:06","date_gmt":"2020-10-30T14:52:06","guid":{"rendered":"https:\/\/ifdbariloche-rng.infd.edu.ar\/sitio\/?p=4346"},"modified":"2020-10-30T11:52:06","modified_gmt":"2020-10-30T14:52:06","slug":"por-que-narrar-nuestras-experiencias","status":"publish","type":"post","link":"https:\/\/ifdbariloche-rng.infd.edu.ar\/sitio\/por-que-narrar-nuestras-experiencias\/","title":{"rendered":"Por qu\u00e9 narrar nuestras experiencias"},"content":{"rendered":"<p>Consideramos muy valioso poder narrar las experiencias docentes en contexto de pandemia. Son una oportunidad para reflexionar sobre nuestras pr\u00e1cticas, recuperar las buenas ense\u00f1anzas y ponerlas en di\u00e1logo con otrxs colegas de todos los niveles y modalidades.\u00a0El proceso de sistematizaci\u00f3n de la propia experiencia requiere la organizaci\u00f3n, reflexi\u00f3n y an\u00e1lisis de lo que sucede, lo que hacemos y los que nos pasa con lo que sucede y hacemos. Esas experiencias contadas en formatos virtuales diversos, desde la propia voz, se constituyen desde una perspectiva pol\u00edtico pedag\u00f3gica en un programa de formaci\u00f3n permanente entre docentes.<\/p>\n<p style=\"text-align: center;\"><iframe loading=\"lazy\" src=\"https:\/\/drive.google.com\/file\/d\/1gN6EgaJ5gXPVb_pK9VLyufIUjMBO6qlu\/preview\" width=\"600\" height=\"340\"><span data-mce-type=\"bookmark\" style=\"display: inline-block; width: 0px; overflow: hidden; line-height: 0;\" class=\"mce_SELRES_start\">\ufeff<\/span><\/iframe><\/p>\n","protected":false},"excerpt":{"rendered":"<p>Consideramos muy valioso poder narrar las experiencias docentes en contexto de pandemia. Son una oportunidad para reflexionar sobre nuestras pr\u00e1cticas, recuperar las buenas ense\u00f1anzas y ponerlas en di\u00e1logo con otrxs colegas de todos los niveles y modalidades.\u00a0El proceso de sistematizaci\u00f3n de la propia experiencia requiere la organizaci\u00f3n, reflexi\u00f3n y an\u00e1lisis de lo que sucede, lo &#8230; <a title=\"Por qu\u00e9 narrar nuestras experiencias\" class=\"read-more\" href=\"https:\/\/ifdbariloche-rng.infd.edu.ar\/sitio\/por-que-narrar-nuestras-experiencias\/\" aria-label=\"More on Por qu\u00e9 narrar nuestras experiencias\">[+]<\/a><\/p>\n","protected":false},"author":2231,"featured_media":0,"comment_status":"open","ping_status":"open","sticky":false,"template":"","format":"standard","meta":[],"categories":[32],"tags":[],"acf":[],"_links":{"self":[{"href":"https:\/\/ifdbariloche-rng.infd.edu.ar\/sitio\/wp-json\/wp\/v2\/posts\/4346"}],"collection":[{"href":"https:\/\/ifdbariloche-rng.infd.edu.ar\/sitio\/wp-json\/wp\/v2\/posts"}],"about":[{"href":"https:\/\/ifdbariloche-rng.infd.edu.ar\/sitio\/wp-json\/wp\/v2\/types\/post"}],"author":[{"embeddable":true,"href":"https:\/\/ifdbariloche-rng.infd.edu.ar\/sitio\/wp-json\/wp\/v2\/users\/2231"}],"replies":[{"embeddable":true,"href":"https:\/\/ifdbariloche-rng.infd.edu.ar\/sitio\/wp-json\/wp\/v2\/comments?post=4346"}],"version-history":[{"count":1,"href":"https:\/\/ifdbariloche-rng.infd.edu.ar\/sitio\/wp-json\/wp\/v2\/posts\/4346\/revisions"}],"predecessor-version":[{"id":4347,"href":"https:\/\/ifdbariloche-rng.infd.edu.ar\/sitio\/wp-json\/wp\/v2\/posts\/4346\/revisions\/4347"}],"wp:attachment":[{"href":"https:\/\/ifdbariloche-rng.infd.edu.ar\/sitio\/wp-json\/wp\/v2\/media?parent=4346"}],"wp:term":[{"taxonomy":"category","embeddable":true,"href":"https:\/\/ifdbariloche-rng.infd.edu.ar\/sitio\/wp-json\/wp\/v2\/categories?post=4346"},{"taxonomy":"post_tag","embeddable":true,"href":"https:\/\/ifdbariloche-rng.infd.edu.ar\/sitio\/wp-json\/wp\/v2\/tags?post=4346"}],"curies":[{"name":"wp","href":"https:\/\/api.w.org\/{rel}","templated":true}]}}