{"id":4324,"date":"2020-10-27T19:37:48","date_gmt":"2020-10-27T22:37:48","guid":{"rendered":"https:\/\/ifdbariloche-rng.infd.edu.ar\/sitio\/?p=4324"},"modified":"2020-12-01T10:54:40","modified_gmt":"2020-12-01T13:54:40","slug":"lenguajes-estetico-expresivos-semiexclusiva-p-e-especial","status":"publish","type":"post","link":"https:\/\/ifdbariloche-rng.infd.edu.ar\/sitio\/lenguajes-estetico-expresivos-semiexclusiva-p-e-especial\/","title":{"rendered":"lenguajes est\u00e9tico expresivos semiexclusiva P: E: Especial"},"content":{"rendered":"<p>Concurso para cubrir:<\/p>\n<p>&nbsp;<\/p>\n<table>\n<tbody>\n<tr>\n<td><b>AREA \/ CARRERA<\/b><\/td>\n<td><b>CARGOS<\/b><\/td>\n<td><b>CAR\u00c1CTER<\/b><\/td>\n<\/tr>\n<tr>\n<td><span style=\"font-weight: 400;\">Profesorado de Educaci\u00f3n Especial con orientaci\u00f3n en Discapacidad Intelectual<\/span><\/td>\n<td><span style=\"font-weight: 400;\">\u00a0\u00a0\u00a0\u00a0\u00a0\u00a0\u00a0\u00a0\u00a0<\/span><\/p>\n<p style=\"text-align: left;\"><span style=\"font-weight: 400;\">\u00a01 cargo de profesor\/a<\/span><\/p>\n<p style=\"text-align: left;\"><span style=\"font-weight: 400;\">Dedicaci\u00f3n semi exclusiva (20 horas)<\/span><\/p>\n<p style=\"text-align: left;\"><b>\u00a0\u00c1rea lenguajes Est\u00e9tico expresivos<\/b><\/p>\n<p style=\"text-align: left;\"><b>Orientaci\u00f3n Teatro.<\/b><\/p>\n<\/td>\n<td><span style=\"font-weight: 400;\">\u00a0\u00a0\u00a0<\/span><\/p>\n<p><span style=\"font-weight: 400;\">\u00a0\u00a0Interino<\/span><\/td>\n<\/tr>\n<\/tbody>\n<\/table>\n<p>&nbsp;<\/p>\n<p><b>CRONOGRAMA \u00a0 DEL \u00a0 LLAMADO<\/b><\/p>\n<p>&nbsp;<\/p>\n<p><b>DIFUSI\u00d3N:<\/b><span style=\"font-weight: 400;\"> del 27 al 29 de octubre de 2020<\/span><\/p>\n<p><b>INSCRIPCI\u00d3N VIRTUAL<\/b><b>: \u00a0 <\/b><span style=\"font-weight: 400;\">Del 30 de octubre\u00a0 al 08 de noviembre de 2020<\/span><\/p>\n<p><span style=\"font-weight: 400;\">\u00a0V\u00eda Formulario Drive siguiente:<\/span><\/p>\n<p><a href=\"https:\/\/forms.gle\/RVbvpUNdMdEVqmiXA\"><span style=\"font-weight: 400;\">https:\/\/forms.gle\/RVbvpUNdMdEVqmiXA\u00a0<\/span><\/a><\/p>\n<p>(Se habilitar\u00e1 en el per\u00edodo de inscripci\u00f3n)<\/p>\n<p><a href=\"https:\/\/drive.google.com\/file\/d\/1FLJAAaAc18SspKq2yDb0ZzYi_OLFmKlZ\/view?usp=sharing\">BASES AQUI<\/a><\/p>\n<p>Para consultas escribir a<a href=\"mailto:secretariageneral@ifdc.edu.ar\"> secretariageneral@ifdc.edu.ar<\/a><\/p>\n<p><strong>FECHA DE CONCURSO:<\/strong> Viernes 4 de diciembre 10 horas<\/p>\n<p><strong>MESA EVALUADORA:<\/strong><\/p>\n<p>Prof. Rodriguez Cerantonio, Cecilia<\/p>\n<p>Prof. Aguirre, Jimena<\/p>\n<p>Prof. Solanes,\u00a0 Gloria<\/p>\n<p>Prof. Fuentealba, Camila (estud)<\/p>\n<p>POSTULANTES:<\/p>\n<p>Carapezza, Ivana Gisela<br \/>\nAcevedo Elizabeth Belen<br \/>\nHuaiquil Maria Isabel<br \/>\nCutillo Veronica Laura<br \/>\nSfr\u00e9gola Alejandra Fabiana<br \/>\nVintrob, Sof\u00eda Ver\u00f3nica<\/p>\n","protected":false},"excerpt":{"rendered":"<p>Concurso para cubrir: &nbsp; AREA \/ CARRERA CARGOS CAR\u00c1CTER Profesorado de Educaci\u00f3n Especial con orientaci\u00f3n en Discapacidad Intelectual \u00a0\u00a0\u00a0\u00a0\u00a0\u00a0\u00a0\u00a0\u00a0 \u00a01 cargo de profesor\/a Dedicaci\u00f3n semi exclusiva (20 horas) \u00a0\u00c1rea lenguajes Est\u00e9tico expresivos Orientaci\u00f3n Teatro. \u00a0\u00a0\u00a0 \u00a0\u00a0Interino &nbsp; CRONOGRAMA \u00a0 DEL \u00a0 LLAMADO &nbsp; DIFUSI\u00d3N: del 27 al 29 de octubre de 2020 INSCRIPCI\u00d3N VIRTUAL: \u00a0 &#8230; <a title=\"lenguajes est\u00e9tico expresivos semiexclusiva P: E: Especial\" class=\"read-more\" href=\"https:\/\/ifdbariloche-rng.infd.edu.ar\/sitio\/lenguajes-estetico-expresivos-semiexclusiva-p-e-especial\/\" aria-label=\"More on lenguajes est\u00e9tico expresivos semiexclusiva P: E: Especial\">[+]<\/a><\/p>\n","protected":false},"author":2164,"featured_media":0,"comment_status":"open","ping_status":"open","sticky":false,"template":"","format":"standard","meta":[],"categories":[1],"tags":[],"acf":[],"_links":{"self":[{"href":"https:\/\/ifdbariloche-rng.infd.edu.ar\/sitio\/wp-json\/wp\/v2\/posts\/4324"}],"collection":[{"href":"https:\/\/ifdbariloche-rng.infd.edu.ar\/sitio\/wp-json\/wp\/v2\/posts"}],"about":[{"href":"https:\/\/ifdbariloche-rng.infd.edu.ar\/sitio\/wp-json\/wp\/v2\/types\/post"}],"author":[{"embeddable":true,"href":"https:\/\/ifdbariloche-rng.infd.edu.ar\/sitio\/wp-json\/wp\/v2\/users\/2164"}],"replies":[{"embeddable":true,"href":"https:\/\/ifdbariloche-rng.infd.edu.ar\/sitio\/wp-json\/wp\/v2\/comments?post=4324"}],"version-history":[{"count":4,"href":"https:\/\/ifdbariloche-rng.infd.edu.ar\/sitio\/wp-json\/wp\/v2\/posts\/4324\/revisions"}],"predecessor-version":[{"id":4564,"href":"https:\/\/ifdbariloche-rng.infd.edu.ar\/sitio\/wp-json\/wp\/v2\/posts\/4324\/revisions\/4564"}],"wp:attachment":[{"href":"https:\/\/ifdbariloche-rng.infd.edu.ar\/sitio\/wp-json\/wp\/v2\/media?parent=4324"}],"wp:term":[{"taxonomy":"category","embeddable":true,"href":"https:\/\/ifdbariloche-rng.infd.edu.ar\/sitio\/wp-json\/wp\/v2\/categories?post=4324"},{"taxonomy":"post_tag","embeddable":true,"href":"https:\/\/ifdbariloche-rng.infd.edu.ar\/sitio\/wp-json\/wp\/v2\/tags?post=4324"}],"curies":[{"name":"wp","href":"https:\/\/api.w.org\/{rel}","templated":true}]}}