{"id":4309,"date":"2020-10-26T13:46:11","date_gmt":"2020-10-26T16:46:11","guid":{"rendered":"https:\/\/ifdbariloche-rng.infd.edu.ar\/sitio\/?p=4309"},"modified":"2020-10-26T13:46:11","modified_gmt":"2020-10-26T16:46:11","slug":"circular-n-2","status":"publish","type":"post","link":"https:\/\/ifdbariloche-rng.infd.edu.ar\/sitio\/circular-n-2\/","title":{"rendered":"Circular N\u00b0 2"},"content":{"rendered":"<p><span style=\"font-weight: 400;\">El IFDC Bariloche invita a docentes de todos los niveles y modalidades a narrar y compartir una\u00a0 experiencia educativa desarrollada en el contexto actual. Como docentes estamos atravesando desaf\u00edos y oportunidades para seguir pensando la educaci\u00f3n en clave de derecho. D\u00eda a d\u00eda asumimos el compromiso de ense\u00f1ar desde la esperanza, reinventando nuestra pr\u00e1ctica docente.\u00a0\u00a0<\/span><\/p>\n<p><span style=\"font-weight: 400;\">Por ello, les invitamos a participar de las Jornadas Pedag\u00f3gicas Virtuales 2020, compartiendo un espacio de intercambio y socializaci\u00f3n en torno a la construcci\u00f3n de v\u00ednculos pedag\u00f3gicos, la comunicaci\u00f3n con las familias, el acompa\u00f1amiento a\u00a0 las trayectorias, la conectividad y el derecho a la educaci\u00f3n, entre otros.\u00a0<\/span><\/p>\n<ol>\n<li><strong> Convocatoria<\/strong><\/li>\n<\/ol>\n<p><span style=\"font-weight: 400;\">La presentaci\u00f3n de la experiencia consistir\u00e1 en un resumen (extensi\u00f3n m\u00e1xima 200 palabras) acompa\u00f1ado de\u00a0 una fotograf\u00eda o imagen ilustrativa<\/span><span style=\"font-weight: 400;\"> y desarrollada en uno de los siguientes formatos:\u00a0<\/span><\/p>\n<ul>\n<li style=\"font-weight: 400;\"><b>Formato textual<\/b><span style=\"font-weight: 400;\">. Se podr\u00e1 presentar una experiencia narrada en formato texto. Constar\u00e1 de un t\u00edtulo descriptivo, una breve presentaci\u00f3n del\/la autor\/a y su espacio de trabajo y el desarrollo de la experiencia (1000 palabras aproximadamente).\u00a0\u00a0\u00a0<\/span><\/li>\n<li style=\"font-weight: 400;\"><b>Formato de audio<\/b><span style=\"font-weight: 400;\">. Se podr\u00e1 presentar una experiencia narrada en formato podcast. El mismo consistir\u00e1 en una narraci\u00f3n grabada con su propia voz, enunciando\u00a0 un t\u00edtulo descriptivo, una breve presentaci\u00f3n del\/la autor\/a y su espacio de trabajo. El podcast deber\u00e1 tener una extensi\u00f3n de entre 4 y 8 minutos.\u00a0<\/span><\/li>\n<li style=\"font-weight: 400;\"><b>Formato video<\/b><span style=\"font-weight: 400;\">: Se podr\u00e1 presentar una experiencia narrada en formato videoselfie. El mismo consistir\u00e1 en un video en formato horizontal, una narraci\u00f3n grabada por s\u00ed mismo, enunciando un t\u00edtulo descriptivo, una\u00a0 breve presentaci\u00f3n del\/la autor\/a y su espacio de trabajo. El videoselfie podr\u00e1 ser intervenido con otras im\u00e1genes y deber\u00e1 tener una extensi\u00f3n m\u00e1xima de 4 minutos.\u00a0<\/span><\/li>\n<\/ul>\n<ol start=\"2\">\n<li><b> Socializaci\u00f3n<\/b><\/li>\n<\/ol>\n<p><span style=\"font-weight: 400;\">Las experiencias docentes ser\u00e1n socializadas en dos espacios.mail<\/span><\/p>\n<p><b>a. Publicaci\u00f3n online de las experiencias, <\/b><span>a partir del 9 de noviembre, en el blog de las Jornadas Pedag\u00f3gicas Virtuales 2020.\u00a0<\/span><span style=\"font-weight: 400;\">Las experiencias pedag\u00f3gicas ser\u00e1n publicadas en un blog tem\u00e1tico, alojado en la p\u00e1gina web del IFDC Bariloche. Las mismas ser\u00e1n difundidas para su lectura e intercambio a trav\u00e9s de las redes sociales del IFDC Bariloche.\u00a0\u00a0<\/span><\/p>\n<p><b>b. Socializaci\u00f3n en encuentro sincr\u00f3nico, <\/b><span>los d\u00edas jueves 26 y viernes 27 de noviembre, de 18 a 20 hs. por el canal de Youtube del IFDC Bariloche.\u00a0<\/span><span style=\"font-weight: 400;\">Proponemos un espacio y tiempo de encuentro para compartir y poner en di\u00e1logo dichas experiencias, organizadas en ejes tem\u00e1ticos,\u00a0 a trav\u00e9s de encuentros virtuales sincr\u00f3nicos.\u00a0\u00a0<\/span><\/p>\n<ol start=\"3\">\n<li><b> Plazos<\/b><\/li>\n<\/ol>\n<ul>\n<li style=\"font-weight: 400;\"><b>Recepci\u00f3n de experiencias: <\/b><span style=\"font-weight: 400;\">del 26 de Octubre al 13\u00a0 de Noviembre de 2020.<\/span><\/li>\n<li style=\"font-weight: 400;\"><b>Publicaci\u00f3n de las experiencias online: <\/b><span style=\"font-weight: 400;\">a partir del 9 de noviembre de 2020.<\/span><\/li>\n<li style=\"font-weight: 400;\"><b>Encuentros de socializaci\u00f3n online: <\/b><span style=\"font-weight: 400;\">jueves 26 y viernes 27 de noviembre de 2020, de 18 hs. a 20 hs.\u00a0\u00a0<\/span><\/li>\n<\/ul>\n<p><span style=\"font-weight: 400;\">Para mayor informaci\u00f3n o consultas sobre las pautas para la presentaci\u00f3n de experiencias pueden dirigirse a la p\u00e1gina web del IFDC Bariloche o comuniciarse por e-mail<\/span><\/p>\n<p><b>Contacto<\/b><span style=\"font-weight: 400;\">:<\/span><\/p>\n<ul>\n<li><span style=\"font-weight: 400;\"> \u00a0 \u00a0 <\/span><span style=\"font-weight: 400;\">e-mail: <\/span><a href=\"mailto:jornadaspedagogicas@ifdc.edu.ar\"><span style=\"font-weight: 400;\">jornadaspedagogicas@ifdc.edu.ar<\/span><\/a><\/li>\n<li><span style=\"font-weight: 400;\"> \u00a0 \u00a0 <\/span><span style=\"font-weight: 400;\">Web:\u00a0 <\/span><a href=\"https:\/\/ifdbariloche-rng.infd.edu.ar\/sitio\/jornadaspedagogicas\/\"><span style=\"font-weight: 400;\">https:\/\/ifdbariloche-rng.infd.edu.ar\/sitio\/jornadaspedagogicas\/<\/span><\/a><\/li>\n<\/ul>\n<p><span style=\"font-weight: 400;\">Equipo Organizador<\/span><\/p>\n","protected":false},"excerpt":{"rendered":"<p>El IFDC Bariloche invita a docentes de todos los niveles y modalidades a narrar y compartir una\u00a0 experiencia educativa desarrollada en el contexto actual. Como docentes estamos atravesando desaf\u00edos y oportunidades para seguir pensando la educaci\u00f3n en clave de derecho. D\u00eda a d\u00eda asumimos el compromiso de ense\u00f1ar desde la esperanza, reinventando nuestra pr\u00e1ctica docente.\u00a0\u00a0 &#8230; <a title=\"Circular N\u00b0 2\" class=\"read-more\" href=\"https:\/\/ifdbariloche-rng.infd.edu.ar\/sitio\/circular-n-2\/\" aria-label=\"More on Circular N\u00b0 2\">[+]<\/a><\/p>\n","protected":false},"author":2231,"featured_media":0,"comment_status":"open","ping_status":"open","sticky":false,"template":"","format":"standard","meta":[],"categories":[32],"tags":[35,33],"acf":[],"_links":{"self":[{"href":"https:\/\/ifdbariloche-rng.infd.edu.ar\/sitio\/wp-json\/wp\/v2\/posts\/4309"}],"collection":[{"href":"https:\/\/ifdbariloche-rng.infd.edu.ar\/sitio\/wp-json\/wp\/v2\/posts"}],"about":[{"href":"https:\/\/ifdbariloche-rng.infd.edu.ar\/sitio\/wp-json\/wp\/v2\/types\/post"}],"author":[{"embeddable":true,"href":"https:\/\/ifdbariloche-rng.infd.edu.ar\/sitio\/wp-json\/wp\/v2\/users\/2231"}],"replies":[{"embeddable":true,"href":"https:\/\/ifdbariloche-rng.infd.edu.ar\/sitio\/wp-json\/wp\/v2\/comments?post=4309"}],"version-history":[{"count":1,"href":"https:\/\/ifdbariloche-rng.infd.edu.ar\/sitio\/wp-json\/wp\/v2\/posts\/4309\/revisions"}],"predecessor-version":[{"id":4310,"href":"https:\/\/ifdbariloche-rng.infd.edu.ar\/sitio\/wp-json\/wp\/v2\/posts\/4309\/revisions\/4310"}],"wp:attachment":[{"href":"https:\/\/ifdbariloche-rng.infd.edu.ar\/sitio\/wp-json\/wp\/v2\/media?parent=4309"}],"wp:term":[{"taxonomy":"category","embeddable":true,"href":"https:\/\/ifdbariloche-rng.infd.edu.ar\/sitio\/wp-json\/wp\/v2\/categories?post=4309"},{"taxonomy":"post_tag","embeddable":true,"href":"https:\/\/ifdbariloche-rng.infd.edu.ar\/sitio\/wp-json\/wp\/v2\/tags?post=4309"}],"curies":[{"name":"wp","href":"https:\/\/api.w.org\/{rel}","templated":true}]}}