{"id":4277,"date":"2020-10-26T12:25:19","date_gmt":"2020-10-26T15:25:19","guid":{"rendered":"https:\/\/ifdbariloche-rng.infd.edu.ar\/sitio\/?p=4277"},"modified":"2020-10-26T13:09:53","modified_gmt":"2020-10-26T16:09:53","slug":"presentacion","status":"publish","type":"post","link":"https:\/\/ifdbariloche-rng.infd.edu.ar\/sitio\/presentacion\/","title":{"rendered":"Presentaci\u00f3n"},"content":{"rendered":"<p>El IFDC Bariloche tiene el agrado de invitarlxs nuevamente a las Jornadas Pedag\u00f3gicas que se realizar\u00e1n de modo virtual entre los meses de Octubre y Noviembre del presente a\u00f1o (Disp. 55\/20 CD IFDC Bariloche).<br \/>\nLas Jornadas Pedag\u00f3gicas tienen como prop\u00f3sito compartir un espacio para la construcci\u00f3n colectiva de saberes, afianzar las relaciones interinstitucionales en la comunidad, a fin de poner en com\u00fan pr\u00e1cticas educativas solidarias. Esto se realiza en \u00e1mbitos de debate y socializaci\u00f3n de experiencias educativas, espacios de encuentro y de di\u00e1logo entre educadores y estudiantes de diferentes niveles y modalidades.<br \/>\nLa edici\u00f3n virtual de las Jornadas Pedag\u00f3gicas prev\u00e9 la realizaci\u00f3n de diversas actividades que se desarrollar\u00e1n de manera sincr\u00f3nica tanto como asincr\u00f3nica.<br \/>\nProponemos una convocatoria abierta a los y las docentes de los diferentes niveles y modalidades que deseen compartir una experiencia de ense\u00f1anza en el contexto actual. Se espera que las experiencias puedan referenciarse en los desaf\u00edos y esperanzas en torno a la construcci\u00f3n de v\u00ednculos pedag\u00f3gicos, la comunicaci\u00f3n con las familias, el acompa\u00f1amiento a las trayectorias, la conectividad y el derecho a la educaci\u00f3n, entre otros.<\/p>\n<ul>\n<li><a href=\"https:\/\/drive.google.com\/file\/d\/1Rgy0-mZKA764wD8BVByYfwrbr2F2S4i1\/view?usp=sharing\">VER CIRCULAR N\u00b0 1. Informaci\u00f3n General<\/a>.<\/li>\n<\/ul>\n","protected":false},"excerpt":{"rendered":"<p>El IFDC Bariloche tiene el agrado de invitarlxs nuevamente a las Jornadas Pedag\u00f3gicas que se realizar\u00e1n de modo virtual entre los meses de Octubre y Noviembre del presente a\u00f1o (Disp. 55\/20 CD IFDC Bariloche). Las Jornadas Pedag\u00f3gicas tienen como prop\u00f3sito compartir un espacio para la construcci\u00f3n colectiva de saberes, afianzar las relaciones interinstitucionales en la &#8230; <a title=\"Presentaci\u00f3n\" class=\"read-more\" href=\"https:\/\/ifdbariloche-rng.infd.edu.ar\/sitio\/presentacion\/\" aria-label=\"More on Presentaci\u00f3n\">[+]<\/a><\/p>\n","protected":false},"author":2164,"featured_media":0,"comment_status":"open","ping_status":"open","sticky":false,"template":"","format":"standard","meta":[],"categories":[32],"tags":[33],"acf":[],"_links":{"self":[{"href":"https:\/\/ifdbariloche-rng.infd.edu.ar\/sitio\/wp-json\/wp\/v2\/posts\/4277"}],"collection":[{"href":"https:\/\/ifdbariloche-rng.infd.edu.ar\/sitio\/wp-json\/wp\/v2\/posts"}],"about":[{"href":"https:\/\/ifdbariloche-rng.infd.edu.ar\/sitio\/wp-json\/wp\/v2\/types\/post"}],"author":[{"embeddable":true,"href":"https:\/\/ifdbariloche-rng.infd.edu.ar\/sitio\/wp-json\/wp\/v2\/users\/2164"}],"replies":[{"embeddable":true,"href":"https:\/\/ifdbariloche-rng.infd.edu.ar\/sitio\/wp-json\/wp\/v2\/comments?post=4277"}],"version-history":[{"count":1,"href":"https:\/\/ifdbariloche-rng.infd.edu.ar\/sitio\/wp-json\/wp\/v2\/posts\/4277\/revisions"}],"predecessor-version":[{"id":4278,"href":"https:\/\/ifdbariloche-rng.infd.edu.ar\/sitio\/wp-json\/wp\/v2\/posts\/4277\/revisions\/4278"}],"wp:attachment":[{"href":"https:\/\/ifdbariloche-rng.infd.edu.ar\/sitio\/wp-json\/wp\/v2\/media?parent=4277"}],"wp:term":[{"taxonomy":"category","embeddable":true,"href":"https:\/\/ifdbariloche-rng.infd.edu.ar\/sitio\/wp-json\/wp\/v2\/categories?post=4277"},{"taxonomy":"post_tag","embeddable":true,"href":"https:\/\/ifdbariloche-rng.infd.edu.ar\/sitio\/wp-json\/wp\/v2\/tags?post=4277"}],"curies":[{"name":"wp","href":"https:\/\/api.w.org\/{rel}","templated":true}]}}