{"id":4086,"date":"2020-07-08T17:32:02","date_gmt":"2020-07-08T20:32:02","guid":{"rendered":"https:\/\/ifdbariloche-rng.infd.edu.ar\/sitio\/?p=4086"},"modified":"2020-08-26T10:13:38","modified_gmt":"2020-08-26T13:13:38","slug":"concurso-practica-docente-p-e-especial-d-simple","status":"publish","type":"post","link":"https:\/\/ifdbariloche-rng.infd.edu.ar\/sitio\/concurso-practica-docente-p-e-especial-d-simple\/","title":{"rendered":"Concurso Pr\u00e1ctica docente P. E. Especial D. simple"},"content":{"rendered":"<p>Concurso para cubrir un cargo de:<\/p>\n<p>&nbsp;<\/p>\n<p>&nbsp;<\/p>\n<table>\n<tbody>\n<tr>\n<td><b>AREA \/ CARRERA<\/b><\/td>\n<td><b>CARGOS<\/b><\/td>\n<td><b>CAR\u00c1CTER<\/b><\/td>\n<\/tr>\n<tr>\n<td><span style=\"font-weight: 400;\">Profesorado de Educaci\u00f3n Especial con Orientaci\u00f3n en Discapacidad Intelectual<\/span><\/td>\n<td><span style=\"font-weight: 400;\">\u00a0\u00a0\u00a0\u00a0\u00a0\u00a0\u00a0\u00a0\u00a0<\/span><\/p>\n<p><span style=\"font-weight: 400;\">\u00a0\u00a0\u00a0\u00a0\u00a0\u00a0\u00a0\u00a0\u00a0\u00a0\u00a0\u00a0\u00a0\u00a0\u00a0\u00a0\u00a01 cargo de profesor\/a (dedicaci\u00f3n simple)<\/span><\/p>\n<p><b>\u00a0\u00a0\u00a0\u00a0\u00a0\u00a0\u00a0\u00a0\u00a0Pr\u00e1cticas Docentes<\/b><\/td>\n<td><span style=\"font-weight: 400;\">\u00a0\u00a0\u00a0<\/span><\/p>\n<p><span style=\"font-weight: 400;\">\u00a0\u00a0Interino<\/span><\/td>\n<\/tr>\n<tr>\n<td><\/td>\n<td><\/td>\n<td><\/td>\n<\/tr>\n<\/tbody>\n<\/table>\n<p>&nbsp;<\/p>\n<h4><b>CRONOGRAMA\u00a0\u00a0 DEL\u00a0\u00a0 LLAMADO<\/b><\/h4>\n<p>&nbsp;<\/p>\n<p><b>DIFUSI\u00d3N:<\/b><span style=\"font-weight: 400;\"> del 08 al 14 de julio de 2020<\/span><\/p>\n<p><b>INSCRIPCI\u00d3N VIRTUAL<\/b><b>: \u00a0 <\/b><span style=\"font-weight: 400;\">Del 15\u00a0 al 23 de julio de 2020\u00a0 <a href=\"https:\/\/docs.google.com\/forms\/d\/e\/1FAIpQLScwbQTbKFjvC6GnRnwsYtmJGi8Ps3by4-4Oh15IaQYttcNGyA\/viewform\" target=\"_blank\" rel=\"noopener\">COMPLETAR FORMULARIO DE INSCRIPCI\u00d3N<\/a><\/span><\/p>\n<p><a href=\"https:\/\/drive.google.com\/file\/d\/1CPys8PUxIQGuU0We7hpPfOKDY2LGvkXH\/view?usp=sharing\">BASES AQUI<\/a><\/p>\n<p>&nbsp;<\/p>\n<p><strong>POSTULANTES:<\/strong><\/p>\n<p>Maia Salesky<\/p>\n<p>Marisa Poggi<\/p>\n<p>Eleonora Santoro<\/p>\n<p>Ana Cisilino<\/p>\n<p><strong>MESA EVALUADORA:<\/strong><\/p>\n<p>Externos.<\/p>\n<p>Prof. claudio Bio<\/p>\n<p>Internos:<\/p>\n<p>Prof. M\u00f3nica Delgado<\/p>\n<p>Prof Ivana Evans<\/p>\n<p>Estudiante:<\/p>\n<p>candelaria Lozada<\/p>\n<p>Para Consultas, escribir a <a href=\"mailto:secretariageneral@ifdc.edu.ar\">secretariageneral@ifdc.edu.ar<\/a><\/p>\n<p>(recordar que el receso invernal es del 9 al 27 de julio)<\/p>\n","protected":false},"excerpt":{"rendered":"<p>Concurso para cubrir un cargo de: &nbsp; &nbsp; AREA \/ CARRERA CARGOS CAR\u00c1CTER Profesorado de Educaci\u00f3n Especial con Orientaci\u00f3n en Discapacidad Intelectual \u00a0\u00a0\u00a0\u00a0\u00a0\u00a0\u00a0\u00a0\u00a0 \u00a0\u00a0\u00a0\u00a0\u00a0\u00a0\u00a0\u00a0\u00a0\u00a0\u00a0\u00a0\u00a0\u00a0\u00a0\u00a0\u00a01 cargo de profesor\/a (dedicaci\u00f3n simple) \u00a0\u00a0\u00a0\u00a0\u00a0\u00a0\u00a0\u00a0\u00a0Pr\u00e1cticas Docentes \u00a0\u00a0\u00a0 \u00a0\u00a0Interino &nbsp; CRONOGRAMA\u00a0\u00a0 DEL\u00a0\u00a0 LLAMADO &nbsp; DIFUSI\u00d3N: del 08 al 14 de julio de 2020 INSCRIPCI\u00d3N VIRTUAL: \u00a0 Del 15\u00a0 al 23 de &#8230; <a title=\"Concurso Pr\u00e1ctica docente P. E. Especial D. simple\" class=\"read-more\" href=\"https:\/\/ifdbariloche-rng.infd.edu.ar\/sitio\/concurso-practica-docente-p-e-especial-d-simple\/\" aria-label=\"More on Concurso Pr\u00e1ctica docente P. E. Especial D. simple\">[+]<\/a><\/p>\n","protected":false},"author":2164,"featured_media":0,"comment_status":"open","ping_status":"open","sticky":false,"template":"","format":"standard","meta":[],"categories":[1],"tags":[],"acf":[],"_links":{"self":[{"href":"https:\/\/ifdbariloche-rng.infd.edu.ar\/sitio\/wp-json\/wp\/v2\/posts\/4086"}],"collection":[{"href":"https:\/\/ifdbariloche-rng.infd.edu.ar\/sitio\/wp-json\/wp\/v2\/posts"}],"about":[{"href":"https:\/\/ifdbariloche-rng.infd.edu.ar\/sitio\/wp-json\/wp\/v2\/types\/post"}],"author":[{"embeddable":true,"href":"https:\/\/ifdbariloche-rng.infd.edu.ar\/sitio\/wp-json\/wp\/v2\/users\/2164"}],"replies":[{"embeddable":true,"href":"https:\/\/ifdbariloche-rng.infd.edu.ar\/sitio\/wp-json\/wp\/v2\/comments?post=4086"}],"version-history":[{"count":5,"href":"https:\/\/ifdbariloche-rng.infd.edu.ar\/sitio\/wp-json\/wp\/v2\/posts\/4086\/revisions"}],"predecessor-version":[{"id":4152,"href":"https:\/\/ifdbariloche-rng.infd.edu.ar\/sitio\/wp-json\/wp\/v2\/posts\/4086\/revisions\/4152"}],"wp:attachment":[{"href":"https:\/\/ifdbariloche-rng.infd.edu.ar\/sitio\/wp-json\/wp\/v2\/media?parent=4086"}],"wp:term":[{"taxonomy":"category","embeddable":true,"href":"https:\/\/ifdbariloche-rng.infd.edu.ar\/sitio\/wp-json\/wp\/v2\/categories?post=4086"},{"taxonomy":"post_tag","embeddable":true,"href":"https:\/\/ifdbariloche-rng.infd.edu.ar\/sitio\/wp-json\/wp\/v2\/tags?post=4086"}],"curies":[{"name":"wp","href":"https:\/\/api.w.org\/{rel}","templated":true}]}}