{"id":3859,"date":"2020-05-18T16:32:12","date_gmt":"2020-05-18T19:32:12","guid":{"rendered":"https:\/\/ifdbariloche-rng.infd.edu.ar\/sitio\/?p=3859"},"modified":"2020-07-01T11:25:01","modified_gmt":"2020-07-01T14:25:01","slug":"1-cargo-profesor-a-cs-naturales-or-fisico-quimica-p-ed-primaria","status":"publish","type":"post","link":"https:\/\/ifdbariloche-rng.infd.edu.ar\/sitio\/1-cargo-profesor-a-cs-naturales-or-fisico-quimica-p-ed-primaria\/","title":{"rendered":"1 cargo Profesor\/a Cs. Naturales Or. Fisico\/qu\u00edmica p. Ed. Primaria"},"content":{"rendered":"<p>Concurso para cubrir un cargo de<\/p>\n<table>\n<tbody>\n<tr>\n<td><b>AREA \/ CARRERA<\/b><\/td>\n<td><b>CARGOS<\/b><\/td>\n<td><b>CAR\u00c1CTER<\/b><\/td>\n<\/tr>\n<tr>\n<td><span style=\"font-weight: 400;\">\u00a0<\/span><\/p>\n<p><span style=\"font-weight: 400;\">Profesorado de Educaci\u00f3n Primaria<\/span><\/p>\n<p><span style=\"font-weight: 400;\">\u00a0<\/span><\/td>\n<td><span style=\"font-weight: 400;\">\u00a0<\/span><\/p>\n<p><span style=\"font-weight: 400;\">\u00c1rea\u00a0 Ciencias Naturales<\/span><\/p>\n<p><span style=\"font-weight: 400;\">Orientaci\u00f3n F\u00edsico-Qu\u00edmica<\/span><\/p>\n<p><b>1 cargo de Profesor \/a<\/b><\/p>\n<p><b>Dedicaci\u00f3n semi exclusiva (20 horas)<\/b><\/p>\n<p><span style=\"font-weight: 400;\">\u00a0<\/span><\/td>\n<td><span style=\"font-weight: 400;\">\u00a0<\/span><\/p>\n<p><span style=\"font-weight: 400;\">Interino<\/span><\/td>\n<\/tr>\n<\/tbody>\n<\/table>\n<p><span style=\"font-weight: 400;\">\u00a0<\/span><\/p>\n<h4><b>\u00a0<\/b><\/h4>\n<h4><b><span style=\"color: #ff0000;\">NUEVO<\/span> CRONOGRAMA \u00a0 DEL \u00a0 LLAMADO<\/b><\/h4>\n<p>&nbsp;<\/p>\n<p><b>DIFUSI\u00d3N:<\/b><span style=\"font-weight: 400;\"> del 01\u00a0 de junio al\u00a0 03\u00a0 de junio de 2020<\/span><\/p>\n<p><b>INSCRIPCI\u00d3N:<\/b><span style=\"font-weight: 400;\">VIRTUAL:\u00a0 del 04 al 13\u00a0 de junio de 2020: se recibir\u00e1n proyectos y CV formato digital v\u00eda email (<\/span><a href=\"mailto:secretariageneral@ifdc.edu.ar\"><span style=\"font-weight: 400;\">secretariageneral@ifdc.edu.ar<\/span><\/a><span style=\"font-weight: 400;\">\u00a0 Asunto: CONCURSO-Unidad curricular- Carrera).<\/span><\/p>\n<h1><span style=\"color: #ff0000;\"><a style=\"color: #ff0000;\" href=\"https:\/\/drive.google.com\/open?id=1czyEM3pjrryWV-75icwVuEITsD5HgIiG\">Bases Aqu\u00ed:<\/a><\/span><\/h1>\n<p>&nbsp;<\/p>\n<p><strong>MESA EVALUADORA:<\/strong><\/p>\n<p><span style=\"font-weight: 400;\">EXTERNO:<\/span><\/p>\n<ul>\n<li><span style=\"font-weight: 400;\">Andrea Farr\u00e9<\/span><\/li>\n<\/ul>\n<p><span style=\"font-weight: 400;\">PROF. TITULARES:<\/span><\/p>\n<ul>\n<li><span style=\"font-weight: 400;\">Gabriela Miori<\/span><\/li>\n<li><span style=\"font-weight: 400;\">Marina Vidal<\/span><\/li>\n<li><span style=\"font-weight: 400;\">Diego Chertoff<\/span><\/li>\n<\/ul>\n<p>ESTUDIANTE:<\/p>\n<ul>\n<li><span style=\"font-weight: 400;\">Ania Irondo<\/span><\/li>\n<\/ul>\n<p><strong>POSTULANTES:<\/strong><\/p>\n<ul>\n<li><b>LUCIANO MIGUEL SOSA<\/b><\/li>\n<li><b>ENZO GABRIEL PESSINI<\/b><\/li>\n<li><b>BETIANA NOELIA PIANCIOLA<\/b><\/li>\n<\/ul>\n","protected":false},"excerpt":{"rendered":"<p>Concurso para cubrir un cargo de AREA \/ CARRERA CARGOS CAR\u00c1CTER \u00a0 Profesorado de Educaci\u00f3n Primaria \u00a0 \u00a0 \u00c1rea\u00a0 Ciencias Naturales Orientaci\u00f3n F\u00edsico-Qu\u00edmica 1 cargo de Profesor \/a Dedicaci\u00f3n semi exclusiva (20 horas) \u00a0 \u00a0 Interino \u00a0 \u00a0 NUEVO CRONOGRAMA \u00a0 DEL \u00a0 LLAMADO &nbsp; DIFUSI\u00d3N: del 01\u00a0 de junio al\u00a0 03\u00a0 de junio de &#8230; <a title=\"1 cargo Profesor\/a Cs. Naturales Or. Fisico\/qu\u00edmica p. Ed. Primaria\" class=\"read-more\" href=\"https:\/\/ifdbariloche-rng.infd.edu.ar\/sitio\/1-cargo-profesor-a-cs-naturales-or-fisico-quimica-p-ed-primaria\/\" aria-label=\"More on 1 cargo Profesor\/a Cs. Naturales Or. Fisico\/qu\u00edmica p. Ed. Primaria\">[+]<\/a><\/p>\n","protected":false},"author":2164,"featured_media":0,"comment_status":"closed","ping_status":"open","sticky":false,"template":"","format":"standard","meta":[],"categories":[1],"tags":[],"acf":[],"_links":{"self":[{"href":"https:\/\/ifdbariloche-rng.infd.edu.ar\/sitio\/wp-json\/wp\/v2\/posts\/3859"}],"collection":[{"href":"https:\/\/ifdbariloche-rng.infd.edu.ar\/sitio\/wp-json\/wp\/v2\/posts"}],"about":[{"href":"https:\/\/ifdbariloche-rng.infd.edu.ar\/sitio\/wp-json\/wp\/v2\/types\/post"}],"author":[{"embeddable":true,"href":"https:\/\/ifdbariloche-rng.infd.edu.ar\/sitio\/wp-json\/wp\/v2\/users\/2164"}],"replies":[{"embeddable":true,"href":"https:\/\/ifdbariloche-rng.infd.edu.ar\/sitio\/wp-json\/wp\/v2\/comments?post=3859"}],"version-history":[{"count":6,"href":"https:\/\/ifdbariloche-rng.infd.edu.ar\/sitio\/wp-json\/wp\/v2\/posts\/3859\/revisions"}],"predecessor-version":[{"id":4053,"href":"https:\/\/ifdbariloche-rng.infd.edu.ar\/sitio\/wp-json\/wp\/v2\/posts\/3859\/revisions\/4053"}],"wp:attachment":[{"href":"https:\/\/ifdbariloche-rng.infd.edu.ar\/sitio\/wp-json\/wp\/v2\/media?parent=3859"}],"wp:term":[{"taxonomy":"category","embeddable":true,"href":"https:\/\/ifdbariloche-rng.infd.edu.ar\/sitio\/wp-json\/wp\/v2\/categories?post=3859"},{"taxonomy":"post_tag","embeddable":true,"href":"https:\/\/ifdbariloche-rng.infd.edu.ar\/sitio\/wp-json\/wp\/v2\/tags?post=3859"}],"curies":[{"name":"wp","href":"https:\/\/api.w.org\/{rel}","templated":true}]}}