{"id":3856,"date":"2020-05-18T16:26:56","date_gmt":"2020-05-18T19:26:56","guid":{"rendered":"https:\/\/ifdbariloche-rng.infd.edu.ar\/sitio\/?p=3856"},"modified":"2020-06-29T11:01:42","modified_gmt":"2020-06-29T14:01:42","slug":"profesor-a-ciencias-naturales-or-fisico-quimicap-ed-inicial","status":"publish","type":"post","link":"https:\/\/ifdbariloche-rng.infd.edu.ar\/sitio\/profesor-a-ciencias-naturales-or-fisico-quimicap-ed-inicial\/","title":{"rendered":"Profesor\/a Ciencias Naturales, Or. F\u00edsico\/Qu\u00edmicaP. Ed. Inicial"},"content":{"rendered":"<p>Concurso para cubrir cargo de<\/p>\n<p>&nbsp;<\/p>\n<table>\n<tbody>\n<tr>\n<td><b>AREA \/ CARRERA<\/b><\/td>\n<td><b>CARGOS<\/b><\/td>\n<td><b>CAR\u00c1CTER<\/b><\/td>\n<\/tr>\n<tr>\n<td><span style=\"font-weight: 400;\">\u00c1rea de Ciencias Naturales<\/span><\/p>\n<p><span style=\"font-weight: 400;\">Profesorado de Educaci\u00f3n Inicial<\/span><\/td>\n<td><span style=\"font-weight: 400;\">1 cargo de Profesor (20 hs.)<\/span><\/p>\n<p><b>F\u00cdSICO-QUIMICA<\/b><\/td>\n<td><span style=\"font-weight: 400;\">\u00a0<\/span><\/p>\n<p><span style=\"font-weight: 400;\">\u00a0\u00a0<\/span> <span style=\"font-weight: 400;\">Suplente<\/span><\/td>\n<\/tr>\n<\/tbody>\n<\/table>\n<p><span style=\"font-weight: 400;\">\u00a0 \u00a0 \u00a0 \u00a0 \u00a0 \u00a0 \u00a0 \u00a0 \u00a0 \u00a0 \u00a0 \u00a0 \u00a0 \u00a0 \u00a0 \u00a0 \u00a0 \u00a0 \u00a0<\/span><\/p>\n<p><b>CRONOGRAMA DEL LLAMADO A CONCURSO<\/b><\/p>\n<p>&nbsp;<\/p>\n<p>&nbsp;<\/p>\n<h4><b><span style=\"color: #ff0000;\">NUEVO<\/span> CRONOGRAMA \u00a0 DEL \u00a0 LLAMADO<\/b><\/h4>\n<p>&nbsp;<\/p>\n<p><b>DIFUSI\u00d3N:<\/b><span style=\"font-weight: 400;\"> del 01\u00a0 de junio al\u00a0 03\u00a0 de junio de 2020<\/span><\/p>\n<p><b>INSCRIPCI\u00d3N:<\/b><span style=\"font-weight: 400;\">VIRTUAL:\u00a0 del 04 al 13\u00a0 de junio de 2020: se recibir\u00e1n proyectos y CV formato digital v\u00eda email (<\/span><a href=\"mailto:secretariageneral@ifdc.edu.ar\"><span style=\"font-weight: 400;\">secretariageneral@ifdc.edu.ar<\/span><\/a><span style=\"font-weight: 400;\">\u00a0 Asunto: CONCURSO-Unidad curricular- Carrera).<\/span><\/p>\n<h1>Ver<span style=\"color: #ff0000;\"> <a style=\"color: #ff0000;\" href=\"https:\/\/drive.google.com\/open?id=1-BkZsNQzCpoP3f36dWag9qxbdGmZUPYK\">Bases aqu\u00ed:<\/a><\/span><\/h1>\n<p>MESA EVALUADORA:<\/p>\n<p><b>TITULARES<\/b><\/p>\n<p><span style=\"font-weight: 400;\">EXTERNO:<\/span><\/p>\n<p><span style=\"font-weight: 400;\">Julieta Farina<\/span><\/p>\n<p><span style=\"font-weight: 400;\">PROF. TITULARES:<\/span><\/p>\n<p><span style=\"font-weight: 400;\">Daniela Gutierrez<\/span><\/p>\n<p><span style=\"font-weight: 400;\">Patricia Carabelli<\/span><\/p>\n<p><b>ESTUDIANTE:<\/b><\/p>\n<p><span style=\"font-weight: 400;\">Gabriela Carrasco<\/span><\/p>\n<p>&nbsp;<\/p>\n<p><strong>POSTULANTES:<\/strong><\/p>\n<p>&nbsp;<\/p>\n<p><b>ALEJANDRA BEATRIZ ROMERO<\/b><\/p>\n<p><b>SANDRA GABRIELA MIORI<\/b><\/p>\n<p><b>MAR\u00cdA LAURA GESUALDO<\/b><\/p>\n<p><b>PRISCILA SOLANGE BERGER<\/b><\/p>\n<p>&nbsp;<\/p>\n","protected":false},"excerpt":{"rendered":"<p>Concurso para cubrir cargo de &nbsp; AREA \/ CARRERA CARGOS CAR\u00c1CTER \u00c1rea de Ciencias Naturales Profesorado de Educaci\u00f3n Inicial 1 cargo de Profesor (20 hs.) F\u00cdSICO-QUIMICA \u00a0 \u00a0\u00a0 Suplente \u00a0 \u00a0 \u00a0 \u00a0 \u00a0 \u00a0 \u00a0 \u00a0 \u00a0 \u00a0 \u00a0 \u00a0 \u00a0 \u00a0 \u00a0 \u00a0 \u00a0 \u00a0 \u00a0 CRONOGRAMA DEL LLAMADO A CONCURSO &nbsp; &nbsp; &#8230; <a title=\"Profesor\/a Ciencias Naturales, Or. F\u00edsico\/Qu\u00edmicaP. Ed. Inicial\" class=\"read-more\" href=\"https:\/\/ifdbariloche-rng.infd.edu.ar\/sitio\/profesor-a-ciencias-naturales-or-fisico-quimicap-ed-inicial\/\" aria-label=\"More on Profesor\/a Ciencias Naturales, Or. F\u00edsico\/Qu\u00edmicaP. Ed. Inicial\">[+]<\/a><\/p>\n","protected":false},"author":2164,"featured_media":0,"comment_status":"closed","ping_status":"open","sticky":false,"template":"","format":"standard","meta":[],"categories":[1],"tags":[],"acf":[],"_links":{"self":[{"href":"https:\/\/ifdbariloche-rng.infd.edu.ar\/sitio\/wp-json\/wp\/v2\/posts\/3856"}],"collection":[{"href":"https:\/\/ifdbariloche-rng.infd.edu.ar\/sitio\/wp-json\/wp\/v2\/posts"}],"about":[{"href":"https:\/\/ifdbariloche-rng.infd.edu.ar\/sitio\/wp-json\/wp\/v2\/types\/post"}],"author":[{"embeddable":true,"href":"https:\/\/ifdbariloche-rng.infd.edu.ar\/sitio\/wp-json\/wp\/v2\/users\/2164"}],"replies":[{"embeddable":true,"href":"https:\/\/ifdbariloche-rng.infd.edu.ar\/sitio\/wp-json\/wp\/v2\/comments?post=3856"}],"version-history":[{"count":6,"href":"https:\/\/ifdbariloche-rng.infd.edu.ar\/sitio\/wp-json\/wp\/v2\/posts\/3856\/revisions"}],"predecessor-version":[{"id":4008,"href":"https:\/\/ifdbariloche-rng.infd.edu.ar\/sitio\/wp-json\/wp\/v2\/posts\/3856\/revisions\/4008"}],"wp:attachment":[{"href":"https:\/\/ifdbariloche-rng.infd.edu.ar\/sitio\/wp-json\/wp\/v2\/media?parent=3856"}],"wp:term":[{"taxonomy":"category","embeddable":true,"href":"https:\/\/ifdbariloche-rng.infd.edu.ar\/sitio\/wp-json\/wp\/v2\/categories?post=3856"},{"taxonomy":"post_tag","embeddable":true,"href":"https:\/\/ifdbariloche-rng.infd.edu.ar\/sitio\/wp-json\/wp\/v2\/tags?post=3856"}],"curies":[{"name":"wp","href":"https:\/\/api.w.org\/{rel}","templated":true}]}}