{"id":3376,"date":"2019-12-23T10:34:06","date_gmt":"2019-12-23T13:34:06","guid":{"rendered":"https:\/\/ifdbariloche-rng.infd.edu.ar\/sitio\/?p=3376"},"modified":"2020-06-08T16:34:14","modified_gmt":"2020-06-08T19:34:14","slug":"prof-de-educacion-primaria-profesor-a-area-lengua-y-literatura-%e2%97%8f-orientacion-lengua","status":"publish","type":"post","link":"https:\/\/ifdbariloche-rng.infd.edu.ar\/sitio\/prof-de-educacion-primaria-profesor-a-area-lengua-y-literatura-%e2%97%8f-orientacion-lengua\/","title":{"rendered":"Prof. de Educaci\u00f3n Primaria-Profesor\/a: \u00c1rea Lengua y Literatura \u25cf Orientaci\u00f3n: Lengua"},"content":{"rendered":"<p>Un Concurso para cubrir un cargo de Profesor\/a \u00c1rea Lengua y Literatura-Orientaci\u00f3n Lengua<\/p>\n<p>Dedicaci\u00f3n: Completa<\/p>\n<p>Car\u00e1cter: Interino<\/p>\n<p><strong>CRONOGRAMA\u00a0\u00a0 DEL\u00a0\u00a0 LLAMADO<\/strong><\/p>\n<p>DIFUSI\u00d3N: del 23 al 26 de diciembre de 2019<br \/>\nINSCRIPCI\u00d3N:<\/p>\n<p>\u2013 VIRTUAL: del 04 al 13 de febrero de 2020: se recibir\u00e1n proyectos y CV<br \/>\nformato digital v\u00eda email (barilocheifdc@gmail.com Asunto: \u201cconcurso_<br \/>\nprimaria_apellido\u201d)<\/p>\n<p>\u2013 Presentaci\u00f3n de documentaci\u00f3n en IFDC, Secretar\u00eda General: 13 AL 17 de<br \/>\nfebrero (Cada postulante recibir\u00e1 un mail con un turno para presentar<br \/>\ndocumentaci\u00f3n formato papel)<\/p>\n<p><a href=\"https:\/\/drive.google.com\/drive\/folders\/1bl_IRze7JN-Sl-vh3noz39I56bU1VBW6\"><strong>Bases aqu\u00ed<\/strong><\/a><\/p>\n<p>Para consultas a partir del 10\/02\/20 al tel: 02944-424194<\/p>\n","protected":false},"excerpt":{"rendered":"<p>Un Concurso para cubrir un cargo de Profesor\/a \u00c1rea Lengua y Literatura-Orientaci\u00f3n Lengua Dedicaci\u00f3n: Completa Car\u00e1cter: Interino CRONOGRAMA\u00a0\u00a0 DEL\u00a0\u00a0 LLAMADO DIFUSI\u00d3N: del 23 al 26 de diciembre de 2019 INSCRIPCI\u00d3N: \u2013 VIRTUAL: del 04 al 13 de febrero de 2020: se recibir\u00e1n proyectos y CV formato digital v\u00eda email (barilocheifdc@gmail.com Asunto: \u201cconcurso_ primaria_apellido\u201d) \u2013 Presentaci\u00f3n &#8230; <a title=\"Prof. de Educaci\u00f3n Primaria-Profesor\/a: \u00c1rea Lengua y Literatura \u25cf Orientaci\u00f3n: Lengua\" class=\"read-more\" href=\"https:\/\/ifdbariloche-rng.infd.edu.ar\/sitio\/prof-de-educacion-primaria-profesor-a-area-lengua-y-literatura-%e2%97%8f-orientacion-lengua\/\" aria-label=\"More on Prof. de Educaci\u00f3n Primaria-Profesor\/a: \u00c1rea Lengua y Literatura \u25cf Orientaci\u00f3n: Lengua\">[+]<\/a><\/p>\n","protected":false},"author":2164,"featured_media":0,"comment_status":"closed","ping_status":"open","sticky":false,"template":"","format":"standard","meta":[],"categories":[1],"tags":[],"acf":[],"_links":{"self":[{"href":"https:\/\/ifdbariloche-rng.infd.edu.ar\/sitio\/wp-json\/wp\/v2\/posts\/3376"}],"collection":[{"href":"https:\/\/ifdbariloche-rng.infd.edu.ar\/sitio\/wp-json\/wp\/v2\/posts"}],"about":[{"href":"https:\/\/ifdbariloche-rng.infd.edu.ar\/sitio\/wp-json\/wp\/v2\/types\/post"}],"author":[{"embeddable":true,"href":"https:\/\/ifdbariloche-rng.infd.edu.ar\/sitio\/wp-json\/wp\/v2\/users\/2164"}],"replies":[{"embeddable":true,"href":"https:\/\/ifdbariloche-rng.infd.edu.ar\/sitio\/wp-json\/wp\/v2\/comments?post=3376"}],"version-history":[{"count":5,"href":"https:\/\/ifdbariloche-rng.infd.edu.ar\/sitio\/wp-json\/wp\/v2\/posts\/3376\/revisions"}],"predecessor-version":[{"id":3389,"href":"https:\/\/ifdbariloche-rng.infd.edu.ar\/sitio\/wp-json\/wp\/v2\/posts\/3376\/revisions\/3389"}],"wp:attachment":[{"href":"https:\/\/ifdbariloche-rng.infd.edu.ar\/sitio\/wp-json\/wp\/v2\/media?parent=3376"}],"wp:term":[{"taxonomy":"category","embeddable":true,"href":"https:\/\/ifdbariloche-rng.infd.edu.ar\/sitio\/wp-json\/wp\/v2\/categories?post=3376"},{"taxonomy":"post_tag","embeddable":true,"href":"https:\/\/ifdbariloche-rng.infd.edu.ar\/sitio\/wp-json\/wp\/v2\/tags?post=3376"}],"curies":[{"name":"wp","href":"https:\/\/api.w.org\/{rel}","templated":true}]}}