{"id":3369,"date":"2019-12-23T10:25:05","date_gmt":"2019-12-23T13:25:05","guid":{"rendered":"https:\/\/ifdbariloche-rng.infd.edu.ar\/sitio\/?p=3369"},"modified":"2019-12-23T10:25:05","modified_gmt":"2019-12-23T13:25:05","slug":"pareja-pedagogica-para-practica-docente","status":"publish","type":"post","link":"https:\/\/ifdbariloche-rng.infd.edu.ar\/sitio\/pareja-pedagogica-para-practica-docente\/","title":{"rendered":"\u201cPareja pedag\u00f3gica para Pr\u00e1ctica Docente\u00bb"},"content":{"rendered":"<p><strong>concurso para cubrir un cargo de:<\/strong><\/p>\n<p><strong>\u201cPareja pedag\u00f3gica para Pr\u00e1ctica docente 3 y Pr\u00e1ctica Docente 4 (Residencia)\u201d<\/strong><\/p>\n<p>Dedicaci\u00f3n simple, car\u00e1cter interino a t\u00e9rmino.<\/p>\n<p>&nbsp;<\/p>\n<p>&nbsp;<\/p>\n<h4><b>CRONOGRAMA\u00a0\u00a0 DEL\u00a0\u00a0 LLAMADO<\/b><\/h4>\n<p><b>DIFUSI\u00d3N:<\/b>\u00a0del 23 al 26 de diciembre de 2019<\/p>\n<p><b>INSCRIPCI\u00d3N:<\/b><\/p>\n<ul>\n<li><b>VIRTUAL:del 04 al 13 de febrero de 2020: se recibir\u00e1n proyectos y CV formato digital v\u00eda email (<a href=\"mailto:barilocheifdc@gmail.com\">barilocheifdc@gmail.com<\/a>\u00a0Asunto: \u201cconcurso_ ETP_apellido\u201d<\/b><\/li>\n<\/ul>\n<ul>\n<li>\u00a0Presentaci\u00f3n de documentaci\u00f3n en IFDC,Secretar\u00eda General:\u00a013 AL 17\u00a0de febrero (Cada postulante recibir\u00e1 un mail con un turno para presentar documentaci\u00f3n formato papel)<\/li>\n<li><a href=\"https:\/\/drive.google.com\/open?id=1DNvxVq9p9bCk5oQYhnE2vuodkJpE4bW_\"><strong>Bases aqu\u00ed<\/strong><\/a><\/li>\n<li>CONSULTAS a partir del 10 de febrero\u00a0 IFDC bariloche. tel. 02944-424194<\/li>\n<\/ul>\n","protected":false},"excerpt":{"rendered":"<p>concurso para cubrir un cargo de: \u201cPareja pedag\u00f3gica para Pr\u00e1ctica docente 3 y Pr\u00e1ctica Docente 4 (Residencia)\u201d Dedicaci\u00f3n simple, car\u00e1cter interino a t\u00e9rmino. &nbsp; &nbsp; CRONOGRAMA\u00a0\u00a0 DEL\u00a0\u00a0 LLAMADO DIFUSI\u00d3N:\u00a0del 23 al 26 de diciembre de 2019 INSCRIPCI\u00d3N: VIRTUAL:del 04 al 13 de febrero de 2020: se recibir\u00e1n proyectos y CV formato digital v\u00eda email (barilocheifdc@gmail.com\u00a0Asunto: &#8230; <a title=\"\u201cPareja pedag\u00f3gica para Pr\u00e1ctica Docente\u00bb\" class=\"read-more\" href=\"https:\/\/ifdbariloche-rng.infd.edu.ar\/sitio\/pareja-pedagogica-para-practica-docente\/\" aria-label=\"More on \u201cPareja pedag\u00f3gica para Pr\u00e1ctica Docente\u00bb\">[+]<\/a><\/p>\n","protected":false},"author":2164,"featured_media":0,"comment_status":"open","ping_status":"open","sticky":false,"template":"","format":"standard","meta":[],"categories":[1],"tags":[],"acf":[],"_links":{"self":[{"href":"https:\/\/ifdbariloche-rng.infd.edu.ar\/sitio\/wp-json\/wp\/v2\/posts\/3369"}],"collection":[{"href":"https:\/\/ifdbariloche-rng.infd.edu.ar\/sitio\/wp-json\/wp\/v2\/posts"}],"about":[{"href":"https:\/\/ifdbariloche-rng.infd.edu.ar\/sitio\/wp-json\/wp\/v2\/types\/post"}],"author":[{"embeddable":true,"href":"https:\/\/ifdbariloche-rng.infd.edu.ar\/sitio\/wp-json\/wp\/v2\/users\/2164"}],"replies":[{"embeddable":true,"href":"https:\/\/ifdbariloche-rng.infd.edu.ar\/sitio\/wp-json\/wp\/v2\/comments?post=3369"}],"version-history":[{"count":1,"href":"https:\/\/ifdbariloche-rng.infd.edu.ar\/sitio\/wp-json\/wp\/v2\/posts\/3369\/revisions"}],"predecessor-version":[{"id":3372,"href":"https:\/\/ifdbariloche-rng.infd.edu.ar\/sitio\/wp-json\/wp\/v2\/posts\/3369\/revisions\/3372"}],"wp:attachment":[{"href":"https:\/\/ifdbariloche-rng.infd.edu.ar\/sitio\/wp-json\/wp\/v2\/media?parent=3369"}],"wp:term":[{"taxonomy":"category","embeddable":true,"href":"https:\/\/ifdbariloche-rng.infd.edu.ar\/sitio\/wp-json\/wp\/v2\/categories?post=3369"},{"taxonomy":"post_tag","embeddable":true,"href":"https:\/\/ifdbariloche-rng.infd.edu.ar\/sitio\/wp-json\/wp\/v2\/tags?post=3369"}],"curies":[{"name":"wp","href":"https:\/\/api.w.org\/{rel}","templated":true}]}}