{"id":3360,"date":"2019-12-23T10:48:49","date_gmt":"2019-12-23T13:48:49","guid":{"rendered":"https:\/\/ifdbariloche-rng.infd.edu.ar\/sitio\/?p=3360"},"modified":"2020-06-08T16:34:14","modified_gmt":"2020-06-08T19:34:14","slug":"area-lengua-y-literatura-orientacion-lengua-prof-de-educacion-primaria","status":"publish","type":"post","link":"https:\/\/ifdbariloche-rng.infd.edu.ar\/sitio\/area-lengua-y-literatura-orientacion-lengua-prof-de-educacion-primaria\/","title":{"rendered":"\u00c1rea Lengua y Literatura-Orientaci\u00f3n Lengua Prof. de Educaci\u00f3n Primaria"},"content":{"rendered":"<p><b>\u00a0<\/b>Un Concurso para cubrir un cargo de Prof. de Lengua y Literatura- Orientaci\u00f3n Lengua<\/p>\n<p>Dedicaci\u00f3n: Completa<\/p>\n<p>Car\u00e1cter: Interino<\/p>\n<p><strong>CRONOGRAMA\u00a0\u00a0 DEL\u00a0\u00a0 LLAMADO<\/strong><\/p>\n<p>DIFUSI\u00d3N: del 23 al 26 de diciembre de 2019<br \/>\nINSCRIPCI\u00d3N:<\/p>\n<p>\u2013 VIRTUAL: del 04 al 13 de febrero de 2020: se recibir\u00e1n proyectos y CV<br \/>\nformato digital v\u00eda email (barilocheifdc@gmail.com Asunto: \u201cconcurso_<br \/>\nprimaria_apellido\u201d)<\/p>\n<p>\u2013 Presentaci\u00f3n de documentaci\u00f3n en IFDC, Secretar\u00eda General: 13 AL 17 de<br \/>\nfebrero (Cada postulante recibir\u00e1 un mail con un turno para presentar<br \/>\ndocumentaci\u00f3n formato papel)<\/p>\n<p><a href=\"https:\/\/drive.google.com\/open?id=14JVTPcoeHI5mFdOTHtY21-bN1t84IgF6\"><strong>B<\/strong><strong>ases aqu\u00ed<\/strong><\/a><\/p>\n<p>Para consultas a partir del 10\/02\/20 al tel: 02944-424194<\/p>\n","protected":false},"excerpt":{"rendered":"<p>\u00a0Un Concurso para cubrir un cargo de Prof. de Lengua y Literatura- Orientaci\u00f3n Lengua Dedicaci\u00f3n: Completa Car\u00e1cter: Interino CRONOGRAMA\u00a0\u00a0 DEL\u00a0\u00a0 LLAMADO DIFUSI\u00d3N: del 23 al 26 de diciembre de 2019 INSCRIPCI\u00d3N: \u2013 VIRTUAL: del 04 al 13 de febrero de 2020: se recibir\u00e1n proyectos y CV formato digital v\u00eda email (barilocheifdc@gmail.com Asunto: \u201cconcurso_ primaria_apellido\u201d) \u2013 &#8230; <a title=\"\u00c1rea Lengua y Literatura-Orientaci\u00f3n Lengua Prof. de Educaci\u00f3n Primaria\" class=\"read-more\" href=\"https:\/\/ifdbariloche-rng.infd.edu.ar\/sitio\/area-lengua-y-literatura-orientacion-lengua-prof-de-educacion-primaria\/\" aria-label=\"More on \u00c1rea Lengua y Literatura-Orientaci\u00f3n Lengua Prof. de Educaci\u00f3n Primaria\">[+]<\/a><\/p>\n","protected":false},"author":2164,"featured_media":0,"comment_status":"closed","ping_status":"open","sticky":false,"template":"","format":"standard","meta":[],"categories":[1],"tags":[],"acf":[],"_links":{"self":[{"href":"https:\/\/ifdbariloche-rng.infd.edu.ar\/sitio\/wp-json\/wp\/v2\/posts\/3360"}],"collection":[{"href":"https:\/\/ifdbariloche-rng.infd.edu.ar\/sitio\/wp-json\/wp\/v2\/posts"}],"about":[{"href":"https:\/\/ifdbariloche-rng.infd.edu.ar\/sitio\/wp-json\/wp\/v2\/types\/post"}],"author":[{"embeddable":true,"href":"https:\/\/ifdbariloche-rng.infd.edu.ar\/sitio\/wp-json\/wp\/v2\/users\/2164"}],"replies":[{"embeddable":true,"href":"https:\/\/ifdbariloche-rng.infd.edu.ar\/sitio\/wp-json\/wp\/v2\/comments?post=3360"}],"version-history":[{"count":17,"href":"https:\/\/ifdbariloche-rng.infd.edu.ar\/sitio\/wp-json\/wp\/v2\/posts\/3360\/revisions"}],"predecessor-version":[{"id":3432,"href":"https:\/\/ifdbariloche-rng.infd.edu.ar\/sitio\/wp-json\/wp\/v2\/posts\/3360\/revisions\/3432"}],"wp:attachment":[{"href":"https:\/\/ifdbariloche-rng.infd.edu.ar\/sitio\/wp-json\/wp\/v2\/media?parent=3360"}],"wp:term":[{"taxonomy":"category","embeddable":true,"href":"https:\/\/ifdbariloche-rng.infd.edu.ar\/sitio\/wp-json\/wp\/v2\/categories?post=3360"},{"taxonomy":"post_tag","embeddable":true,"href":"https:\/\/ifdbariloche-rng.infd.edu.ar\/sitio\/wp-json\/wp\/v2\/tags?post=3360"}],"curies":[{"name":"wp","href":"https:\/\/api.w.org\/{rel}","templated":true}]}}