{"id":3358,"date":"2019-12-23T10:14:44","date_gmt":"2019-12-23T13:14:44","guid":{"rendered":"https:\/\/ifdbariloche-rng.infd.edu.ar\/sitio\/?p=3358"},"modified":"2019-12-23T10:17:01","modified_gmt":"2019-12-23T13:17:01","slug":"el-aprendizaje-en-la-escuela-secundaria-tecnica-y-contextos-de-y-para-el-aprendizaje-1","status":"publish","type":"post","link":"https:\/\/ifdbariloche-rng.infd.edu.ar\/sitio\/el-aprendizaje-en-la-escuela-secundaria-tecnica-y-contextos-de-y-para-el-aprendizaje-1\/","title":{"rendered":"\u201cEl aprendizaje en la Escuela Secundaria T\u00e9cnica y contextos de y para el aprendizaje 1\u201d"},"content":{"rendered":"<p>Concurso para cubrir un cargo de:<\/p>\n<p><strong>\u201cEl aprendizaje en la Escuela Secundaria T\u00e9cnica y contextos de y para el aprendizaje 1\u201d<\/strong><\/p>\n<p>Dedicaci\u00f3n simple, car\u00e1cter interino a t\u00e9rmino.<\/p>\n<p>&nbsp;<\/p>\n<p>&nbsp;<\/p>\n<h4><b>CRONOGRAMA\u00a0\u00a0 DEL\u00a0\u00a0 LLAMADO<\/b><\/h4>\n<p><b>DIFUSI\u00d3N:<\/b><span style=\"font-weight: 400;\"> del 23 al 26 de diciembre de 2019<\/span><\/p>\n<p><b>INSCRIPCI\u00d3N:<\/b><\/p>\n<ul>\n<li><b><span style=\"font-weight: 400;\">VIRTUAL:del 04 al 13 de febrero de 2020: se recibir\u00e1n proyectos y CV formato digital v\u00eda email (<\/span><a href=\"mailto:barilocheifdc@gmail.com\"><span style=\"font-weight: 400;\">barilocheifdc@gmail.com<\/span><\/a><span style=\"font-weight: 400;\"> Asunto: \u201cconcurso_ ETP_apellido\u201d<\/span><\/b><\/li>\n<\/ul>\n<ul>\n<li><span style=\"font-weight: 400;\">\u00a0Presentaci\u00f3n de documentaci\u00f3n en IFDC,Secretar\u00eda General: <\/span>13 AL 17 <span style=\"font-weight: 400;\">de febrero (Cada postulante recibir\u00e1 un mail con un turno para presentar documentaci\u00f3n formato papel)<\/span><\/li>\n<li><a href=\"https:\/\/drive.google.com\/open?id=10lwoWDbgB4NGVnOD0yIWm6bGQvUHp-HY\"><strong>Bases aqu\u00ed<\/strong><\/a><\/li>\n<li>CONSULTAS a partir del 10 de febrero\u00a0 IFDC bariloche. tel. 02944-424194<\/li>\n<\/ul>\n<p>&nbsp;<\/p>\n","protected":false},"excerpt":{"rendered":"<p>Concurso para cubrir un cargo de: \u201cEl aprendizaje en la Escuela Secundaria T\u00e9cnica y contextos de y para el aprendizaje 1\u201d Dedicaci\u00f3n simple, car\u00e1cter interino a t\u00e9rmino. &nbsp; &nbsp; CRONOGRAMA\u00a0\u00a0 DEL\u00a0\u00a0 LLAMADO DIFUSI\u00d3N: del 23 al 26 de diciembre de 2019 INSCRIPCI\u00d3N: VIRTUAL:del 04 al 13 de febrero de 2020: se recibir\u00e1n proyectos y CV &#8230; <a title=\"\u201cEl aprendizaje en la Escuela Secundaria T\u00e9cnica y contextos de y para el aprendizaje 1\u201d\" class=\"read-more\" href=\"https:\/\/ifdbariloche-rng.infd.edu.ar\/sitio\/el-aprendizaje-en-la-escuela-secundaria-tecnica-y-contextos-de-y-para-el-aprendizaje-1\/\" aria-label=\"More on \u201cEl aprendizaje en la Escuela Secundaria T\u00e9cnica y contextos de y para el aprendizaje 1\u201d\">[+]<\/a><\/p>\n","protected":false},"author":2164,"featured_media":0,"comment_status":"open","ping_status":"open","sticky":false,"template":"","format":"standard","meta":[],"categories":[1],"tags":[],"acf":[],"_links":{"self":[{"href":"https:\/\/ifdbariloche-rng.infd.edu.ar\/sitio\/wp-json\/wp\/v2\/posts\/3358"}],"collection":[{"href":"https:\/\/ifdbariloche-rng.infd.edu.ar\/sitio\/wp-json\/wp\/v2\/posts"}],"about":[{"href":"https:\/\/ifdbariloche-rng.infd.edu.ar\/sitio\/wp-json\/wp\/v2\/types\/post"}],"author":[{"embeddable":true,"href":"https:\/\/ifdbariloche-rng.infd.edu.ar\/sitio\/wp-json\/wp\/v2\/users\/2164"}],"replies":[{"embeddable":true,"href":"https:\/\/ifdbariloche-rng.infd.edu.ar\/sitio\/wp-json\/wp\/v2\/comments?post=3358"}],"version-history":[{"count":1,"href":"https:\/\/ifdbariloche-rng.infd.edu.ar\/sitio\/wp-json\/wp\/v2\/posts\/3358\/revisions"}],"predecessor-version":[{"id":3359,"href":"https:\/\/ifdbariloche-rng.infd.edu.ar\/sitio\/wp-json\/wp\/v2\/posts\/3358\/revisions\/3359"}],"wp:attachment":[{"href":"https:\/\/ifdbariloche-rng.infd.edu.ar\/sitio\/wp-json\/wp\/v2\/media?parent=3358"}],"wp:term":[{"taxonomy":"category","embeddable":true,"href":"https:\/\/ifdbariloche-rng.infd.edu.ar\/sitio\/wp-json\/wp\/v2\/categories?post=3358"},{"taxonomy":"post_tag","embeddable":true,"href":"https:\/\/ifdbariloche-rng.infd.edu.ar\/sitio\/wp-json\/wp\/v2\/tags?post=3358"}],"curies":[{"name":"wp","href":"https:\/\/api.w.org\/{rel}","templated":true}]}}