{"id":3176,"date":"2019-10-01T20:41:33","date_gmt":"2019-10-01T23:41:33","guid":{"rendered":"https:\/\/ifdbariloche-rng.infd.edu.ar\/sitio\/?p=3176"},"modified":"2019-10-17T18:10:55","modified_gmt":"2019-10-17T21:10:55","slug":"profesor-a-matematica-profesorado-de-educacion-inicial-20-horas","status":"publish","type":"post","link":"https:\/\/ifdbariloche-rng.infd.edu.ar\/sitio\/profesor-a-matematica-profesorado-de-educacion-inicial-20-horas\/","title":{"rendered":"Profesor\/a Matem\u00e1tica, Profesorado de Educaci\u00f3n Inicial (20 horas)"},"content":{"rendered":"<p>Concurso para cubrir un cargo:<\/p>\n<table width=\"628\">\n<tbody>\n<tr>\n<td width=\"218\"><strong>AREA \/ CARRERA<\/strong><\/td>\n<td width=\"306\"><strong>CARGOS<\/strong><\/td>\n<td width=\"104\"><strong>CAR\u00c1CTER<\/strong><\/td>\n<\/tr>\n<tr>\n<td width=\"218\">&nbsp;<\/p>\n<p>Profesorado de Educaci\u00f3n Inicial<\/p>\n<p>&nbsp;<\/td>\n<td width=\"306\">&nbsp;<\/p>\n<p>\u00c1rea\u00a0 del Campo de la Ense\u00f1anza de la Matem\u00e1ticas<\/p>\n<p><strong>1 cargo de Profesor\/a<\/strong><\/p>\n<p><strong>Dedicaci\u00f3n semiexclusiva (20 horas)<\/strong><\/p>\n<p>&nbsp;<\/td>\n<td width=\"104\">&nbsp;<\/p>\n<p>suplente<\/td>\n<\/tr>\n<\/tbody>\n<\/table>\n<p><u>\u00a0<\/u><\/p>\n<h4><\/h4>\n<h4><u>CRONOGRAMA\u00a0\u00a0 DEL\u00a0\u00a0 LLAMADO<\/u><\/h4>\n<p><strong><u>DIFUSI\u00d3N:<\/u><\/strong> del 01 de octubre al\u00a0 \u00a003 de octubre de 2019.<\/p>\n<p><strong><u>INSCRIPCI\u00d3N:<\/u><\/strong> desde el \u00a004\u00a0 al 15 de Octubre.<\/p>\n<p>&nbsp;<\/p>\n<p><a href=\"https:\/\/drive.google.com\/open?id=1x_3ys_jR6bS1hiH3_ygVb7gcZRaFBcgQOXrM7sBlgZ8\">Bases Aqu\u00ed<\/a><\/p>\n<p><strong>Mesa evaluadora:<\/strong><\/p>\n<p>Ext. Prof. Mar\u00eda de la Trinidad Quijano<\/p>\n<p>Int. Prof. Ivana Evans<\/p>\n<p>Prof. Mar\u00eda Edith Collado<\/p>\n<p>Estud.. Carolina Cuevas<\/p>\n<hr \/>\n<p><strong>Postulantes:<\/strong><\/p>\n<p>Floria Mar\u00eda Bel\u00e9n<\/p>\n","protected":false},"excerpt":{"rendered":"<p>Concurso para cubrir un cargo: AREA \/ CARRERA CARGOS CAR\u00c1CTER &nbsp; Profesorado de Educaci\u00f3n Inicial &nbsp; &nbsp; \u00c1rea\u00a0 del Campo de la Ense\u00f1anza de la Matem\u00e1ticas 1 cargo de Profesor\/a Dedicaci\u00f3n semiexclusiva (20 horas) &nbsp; &nbsp; suplente \u00a0 CRONOGRAMA\u00a0\u00a0 DEL\u00a0\u00a0 LLAMADO DIFUSI\u00d3N: del 01 de octubre al\u00a0 \u00a003 de octubre de 2019. INSCRIPCI\u00d3N: desde el &#8230; <a title=\"Profesor\/a Matem\u00e1tica, Profesorado de Educaci\u00f3n Inicial (20 horas)\" class=\"read-more\" href=\"https:\/\/ifdbariloche-rng.infd.edu.ar\/sitio\/profesor-a-matematica-profesorado-de-educacion-inicial-20-horas\/\" aria-label=\"More on Profesor\/a Matem\u00e1tica, Profesorado de Educaci\u00f3n Inicial (20 horas)\">[+]<\/a><\/p>\n","protected":false},"author":2164,"featured_media":0,"comment_status":"open","ping_status":"open","sticky":false,"template":"","format":"standard","meta":[],"categories":[1],"tags":[],"acf":[],"_links":{"self":[{"href":"https:\/\/ifdbariloche-rng.infd.edu.ar\/sitio\/wp-json\/wp\/v2\/posts\/3176"}],"collection":[{"href":"https:\/\/ifdbariloche-rng.infd.edu.ar\/sitio\/wp-json\/wp\/v2\/posts"}],"about":[{"href":"https:\/\/ifdbariloche-rng.infd.edu.ar\/sitio\/wp-json\/wp\/v2\/types\/post"}],"author":[{"embeddable":true,"href":"https:\/\/ifdbariloche-rng.infd.edu.ar\/sitio\/wp-json\/wp\/v2\/users\/2164"}],"replies":[{"embeddable":true,"href":"https:\/\/ifdbariloche-rng.infd.edu.ar\/sitio\/wp-json\/wp\/v2\/comments?post=3176"}],"version-history":[{"count":5,"href":"https:\/\/ifdbariloche-rng.infd.edu.ar\/sitio\/wp-json\/wp\/v2\/posts\/3176\/revisions"}],"predecessor-version":[{"id":3212,"href":"https:\/\/ifdbariloche-rng.infd.edu.ar\/sitio\/wp-json\/wp\/v2\/posts\/3176\/revisions\/3212"}],"wp:attachment":[{"href":"https:\/\/ifdbariloche-rng.infd.edu.ar\/sitio\/wp-json\/wp\/v2\/media?parent=3176"}],"wp:term":[{"taxonomy":"category","embeddable":true,"href":"https:\/\/ifdbariloche-rng.infd.edu.ar\/sitio\/wp-json\/wp\/v2\/categories?post=3176"},{"taxonomy":"post_tag","embeddable":true,"href":"https:\/\/ifdbariloche-rng.infd.edu.ar\/sitio\/wp-json\/wp\/v2\/tags?post=3176"}],"curies":[{"name":"wp","href":"https:\/\/api.w.org\/{rel}","templated":true}]}}