{"id":2707,"date":"2019-06-10T13:04:33","date_gmt":"2019-06-10T16:04:33","guid":{"rendered":"https:\/\/ifdbariloche-rng.infd.edu.ar\/sitio\/?p=2707"},"modified":"2019-06-26T16:17:44","modified_gmt":"2019-06-26T19:17:44","slug":"concursomatematica-profesorado-de-educacion-primaria","status":"publish","type":"post","link":"https:\/\/ifdbariloche-rng.infd.edu.ar\/sitio\/concursomatematica-profesorado-de-educacion-primaria\/","title":{"rendered":"concurso:Matem\u00e1tica, Profesorado de Educaci\u00f3n Primaria"},"content":{"rendered":"<table width=\"628\">\n<tbody>\n<tr>\n<td width=\"218\"><strong>AREA \/ CARRERA<\/strong><\/td>\n<td width=\"297\"><strong>CARGOS<\/strong><\/td>\n<td width=\"113\"><strong>CAR\u00c1CTER<\/strong><\/td>\n<\/tr>\n<tr>\n<td width=\"218\">&nbsp;<\/p>\n<p>\u00c1rea Matem\u00e1tica<\/p>\n<p>Profesorado de Educaci\u00f3n Primaria<\/p>\n<p>&nbsp;<\/td>\n<td width=\"297\">&nbsp;<\/p>\n<p>1 cargo de Profesor (20 hs.)<\/p>\n<p><a href=\"https:\/\/drive.google.com\/open?id=15dldb56KMHXoowluxwhCegRE4FL-_zqW\" target=\"_blank\" rel=\"noopener\"><strong>Matem\u00e1tica <\/strong><\/a><\/td>\n<td width=\"113\">&nbsp;<\/p>\n<p>Interino<\/td>\n<\/tr>\n<\/tbody>\n<\/table>\n<p><u>\u00a0<\/u><u>CRONOGRAMA\u00a0\u00a0 DEL\u00a0\u00a0 LLAMADO<\/u><\/p>\n<p>&nbsp;<\/p>\n<p><strong><u>DIFUSI\u00d3N:<\/u><\/strong> \u00a0del 10 de junio \u00a0al 12 \u00a0de junio de 2019.<\/p>\n<p><strong><u>INSCRIPCI\u00d3N:<\/u><\/strong>\u00a0desde el 13 de junio \u00a0al 24 de junio de 2019.<\/p>\n<p><strong>Mesa Evaluadora<\/strong>:<\/p>\n<p>Ext: Ana Mar\u00eda Bressan<\/p>\n<p>Int: Gricelda Ibaceta<\/p>\n<p>Marcela Stazzone<\/p>\n<p><strong>Postulantes:<\/strong><\/p>\n<p>Astrid Koennecke<\/p>\n<p>Mar\u00eda Jos\u00e9 Deiana<\/p>\n","protected":false},"excerpt":{"rendered":"<p>AREA \/ CARRERA CARGOS CAR\u00c1CTER &nbsp; \u00c1rea Matem\u00e1tica Profesorado de Educaci\u00f3n Primaria &nbsp; &nbsp; 1 cargo de Profesor (20 hs.) Matem\u00e1tica &nbsp; Interino \u00a0CRONOGRAMA\u00a0\u00a0 DEL\u00a0\u00a0 LLAMADO &nbsp; DIFUSI\u00d3N: \u00a0del 10 de junio \u00a0al 12 \u00a0de junio de 2019. INSCRIPCI\u00d3N:\u00a0desde el 13 de junio \u00a0al 24 de junio de 2019. Mesa Evaluadora: Ext: Ana Mar\u00eda Bressan &#8230; <a title=\"concurso:Matem\u00e1tica, Profesorado de Educaci\u00f3n Primaria\" class=\"read-more\" href=\"https:\/\/ifdbariloche-rng.infd.edu.ar\/sitio\/concursomatematica-profesorado-de-educacion-primaria\/\" aria-label=\"More on concurso:Matem\u00e1tica, Profesorado de Educaci\u00f3n Primaria\">[+]<\/a><\/p>\n","protected":false},"author":2164,"featured_media":0,"comment_status":"open","ping_status":"open","sticky":false,"template":"","format":"standard","meta":[],"categories":[1],"tags":[],"acf":[],"_links":{"self":[{"href":"https:\/\/ifdbariloche-rng.infd.edu.ar\/sitio\/wp-json\/wp\/v2\/posts\/2707"}],"collection":[{"href":"https:\/\/ifdbariloche-rng.infd.edu.ar\/sitio\/wp-json\/wp\/v2\/posts"}],"about":[{"href":"https:\/\/ifdbariloche-rng.infd.edu.ar\/sitio\/wp-json\/wp\/v2\/types\/post"}],"author":[{"embeddable":true,"href":"https:\/\/ifdbariloche-rng.infd.edu.ar\/sitio\/wp-json\/wp\/v2\/users\/2164"}],"replies":[{"embeddable":true,"href":"https:\/\/ifdbariloche-rng.infd.edu.ar\/sitio\/wp-json\/wp\/v2\/comments?post=2707"}],"version-history":[{"count":4,"href":"https:\/\/ifdbariloche-rng.infd.edu.ar\/sitio\/wp-json\/wp\/v2\/posts\/2707\/revisions"}],"predecessor-version":[{"id":2781,"href":"https:\/\/ifdbariloche-rng.infd.edu.ar\/sitio\/wp-json\/wp\/v2\/posts\/2707\/revisions\/2781"}],"wp:attachment":[{"href":"https:\/\/ifdbariloche-rng.infd.edu.ar\/sitio\/wp-json\/wp\/v2\/media?parent=2707"}],"wp:term":[{"taxonomy":"category","embeddable":true,"href":"https:\/\/ifdbariloche-rng.infd.edu.ar\/sitio\/wp-json\/wp\/v2\/categories?post=2707"},{"taxonomy":"post_tag","embeddable":true,"href":"https:\/\/ifdbariloche-rng.infd.edu.ar\/sitio\/wp-json\/wp\/v2\/tags?post=2707"}],"curies":[{"name":"wp","href":"https:\/\/api.w.org\/{rel}","templated":true}]}}