{"id":2602,"date":"2019-05-15T16:00:11","date_gmt":"2019-05-15T19:00:11","guid":{"rendered":"https:\/\/ifdbariloche-rng.infd.edu.ar\/sitio\/?p=2602"},"modified":"2019-05-30T20:21:13","modified_gmt":"2019-05-30T23:21:13","slug":"prof-de-filosofia-prof-de-educacion-inicial","status":"publish","type":"post","link":"https:\/\/ifdbariloche-rng.infd.edu.ar\/sitio\/prof-de-filosofia-prof-de-educacion-inicial\/","title":{"rendered":"Prof. de Filosof\u00eda Prof. de Educaci\u00f3n Inicial"},"content":{"rendered":"<p>Concurso para cubrir cargo de Profesor\/a \u00a0\u00c1rea Ciencias Sociales, Orientaci\u00f3n Filosof\u00eda y \u00c9tica. Profesorado de Educaci\u00f3n Inicial.<\/p>\n<p>Car\u00e1cter suplente. Dedicaci\u00f3n simple.<\/p>\n<h4><u>CRONOGRAMA\u00a0\u00a0 DEL\u00a0\u00a0 LLAMADO<\/u><\/h4>\n<p><strong><u>DIFUSI\u00d3N:<\/u><\/strong> \u00a0desde el \u00a015 de mayo al 17 de mayo de 2019.<\/p>\n<p><strong><u>INSCRIPCI\u00d3N:<\/u><\/strong> desde el 18 de mayo al 27 de mayo de 2019.<\/p>\n<p><a href=\"https:\/\/drive.google.com\/open?id=16HJVnBLktdDZp0ZvOWU1_Ebeic0a0BFp\">Bases aqu\u00ed<\/a><\/p>\n<p><strong>Mesa Evaluadora:<\/strong><\/p>\n<ul>\n<li>Prof. Silvia Rebaglatti<\/li>\n<li>Prof. Mara Brandwaiman<\/li>\n<li>Prof. Lidia Arismendi<\/li>\n<li>Est. Lorena Rivas<\/li>\n<\/ul>\n<p><strong>Postulantes:<\/strong><\/p>\n<ul>\n<li>Prof. Volpe, Jazm\u00edn<\/li>\n<\/ul>\n","protected":false},"excerpt":{"rendered":"<p>Concurso para cubrir cargo de Profesor\/a \u00a0\u00c1rea Ciencias Sociales, Orientaci\u00f3n Filosof\u00eda y \u00c9tica. Profesorado de Educaci\u00f3n Inicial. Car\u00e1cter suplente. Dedicaci\u00f3n simple. CRONOGRAMA\u00a0\u00a0 DEL\u00a0\u00a0 LLAMADO DIFUSI\u00d3N: \u00a0desde el \u00a015 de mayo al 17 de mayo de 2019. INSCRIPCI\u00d3N: desde el 18 de mayo al 27 de mayo de 2019. Bases aqu\u00ed Mesa Evaluadora: Prof. Silvia Rebaglatti &#8230; <a title=\"Prof. de Filosof\u00eda Prof. de Educaci\u00f3n Inicial\" class=\"read-more\" href=\"https:\/\/ifdbariloche-rng.infd.edu.ar\/sitio\/prof-de-filosofia-prof-de-educacion-inicial\/\" aria-label=\"More on Prof. de Filosof\u00eda Prof. de Educaci\u00f3n Inicial\">[+]<\/a><\/p>\n","protected":false},"author":2164,"featured_media":0,"comment_status":"open","ping_status":"open","sticky":false,"template":"","format":"standard","meta":[],"categories":[1],"tags":[],"acf":[],"_links":{"self":[{"href":"https:\/\/ifdbariloche-rng.infd.edu.ar\/sitio\/wp-json\/wp\/v2\/posts\/2602"}],"collection":[{"href":"https:\/\/ifdbariloche-rng.infd.edu.ar\/sitio\/wp-json\/wp\/v2\/posts"}],"about":[{"href":"https:\/\/ifdbariloche-rng.infd.edu.ar\/sitio\/wp-json\/wp\/v2\/types\/post"}],"author":[{"embeddable":true,"href":"https:\/\/ifdbariloche-rng.infd.edu.ar\/sitio\/wp-json\/wp\/v2\/users\/2164"}],"replies":[{"embeddable":true,"href":"https:\/\/ifdbariloche-rng.infd.edu.ar\/sitio\/wp-json\/wp\/v2\/comments?post=2602"}],"version-history":[{"count":4,"href":"https:\/\/ifdbariloche-rng.infd.edu.ar\/sitio\/wp-json\/wp\/v2\/posts\/2602\/revisions"}],"predecessor-version":[{"id":2678,"href":"https:\/\/ifdbariloche-rng.infd.edu.ar\/sitio\/wp-json\/wp\/v2\/posts\/2602\/revisions\/2678"}],"wp:attachment":[{"href":"https:\/\/ifdbariloche-rng.infd.edu.ar\/sitio\/wp-json\/wp\/v2\/media?parent=2602"}],"wp:term":[{"taxonomy":"category","embeddable":true,"href":"https:\/\/ifdbariloche-rng.infd.edu.ar\/sitio\/wp-json\/wp\/v2\/categories?post=2602"},{"taxonomy":"post_tag","embeddable":true,"href":"https:\/\/ifdbariloche-rng.infd.edu.ar\/sitio\/wp-json\/wp\/v2\/tags?post=2602"}],"curies":[{"name":"wp","href":"https:\/\/api.w.org\/{rel}","templated":true}]}}