{"id":1798,"date":"2018-10-26T10:26:28","date_gmt":"2018-10-26T13:26:28","guid":{"rendered":"https:\/\/ifdbariloche-rng.infd.edu.ar\/sitio\/?p=1798"},"modified":"2018-11-15T11:00:32","modified_gmt":"2018-11-15T14:00:32","slug":"profesor-a-de-psicologia-educacional-area-educacion-profesorado-de-educacion-inicial","status":"publish","type":"post","link":"https:\/\/ifdbariloche-rng.infd.edu.ar\/sitio\/profesor-a-de-psicologia-educacional-area-educacion-profesorado-de-educacion-inicial\/","title":{"rendered":"Profesor\/a de Psicolog\u00eda Educacional-\u00c1rea Educaci\u00f3n-Profesorado de Educaci\u00f3n inicial"},"content":{"rendered":"<h4>Concurso par cubrir cargo de Profesor\/a de Psicolog\u00eda Educacional-\u00c1rea Educaci\u00f3n-Profesorado de Educaci\u00f3n inicial. Car\u00e1cter interino-30 hs.<\/h4>\n<h4><u>CRONOGRAMA\u00a0\u00a0 DEL\u00a0\u00a0 LLAMADO<\/u><\/h4>\n<p><strong>DIFUSI\u00d3N: <\/strong>del 25 al 29 de octubre \u00a0de 2018<\/p>\n<p><strong>INSCRIPCI\u00d3N: <\/strong>desde el 30 octubre al 8 de noviembre de 2018<\/p>\n<p>Bases <a href=\"https:\/\/drive.google.com\/open?id=1fEbmM2bgcNtWoqq7koLwO7t8vwduHkM-\" target=\"_blank\" rel=\"noopener\">aqu\u00ed<\/a><\/p>\n<p><a href=\"https:\/\/docs.google.com\/document\/d\/13gUJPC8R8hYCosOKQPJ_6A_8mr3tXmUrd-m6Fnlp-GQ\/edit?usp=sharing\" target=\"_blank\" rel=\"noopener\">Concursantes<\/a><\/p>\n<p><a href=\"https:\/\/docs.google.com\/document\/d\/1Kq-eLebYahO85d1tZ7JqVKtP1ULC0ElGAyR9PL2L3og\/edit?usp=sharing\" target=\"_blank\" rel=\"noopener\">Jurados<\/a><\/p>\n<p>El nombramiento se encuentra sujeto a la renuncia definitiva por jubilaci\u00f3n de la docente nombrada en el cargo<\/p>\n","protected":false},"excerpt":{"rendered":"<p>Concurso par cubrir cargo de Profesor\/a de Psicolog\u00eda Educacional-\u00c1rea Educaci\u00f3n-Profesorado de Educaci\u00f3n inicial. Car\u00e1cter interino-30 hs. CRONOGRAMA\u00a0\u00a0 DEL\u00a0\u00a0 LLAMADO DIFUSI\u00d3N: del 25 al 29 de octubre \u00a0de 2018 INSCRIPCI\u00d3N: desde el 30 octubre al 8 de noviembre de 2018 Bases aqu\u00ed Concursantes Jurados El nombramiento se encuentra sujeto a la renuncia definitiva por jubilaci\u00f3n de &#8230; <a title=\"Profesor\/a de Psicolog\u00eda Educacional-\u00c1rea Educaci\u00f3n-Profesorado de Educaci\u00f3n inicial\" class=\"read-more\" href=\"https:\/\/ifdbariloche-rng.infd.edu.ar\/sitio\/profesor-a-de-psicologia-educacional-area-educacion-profesorado-de-educacion-inicial\/\" aria-label=\"More on Profesor\/a de Psicolog\u00eda Educacional-\u00c1rea Educaci\u00f3n-Profesorado de Educaci\u00f3n inicial\">[+]<\/a><\/p>\n","protected":false},"author":2164,"featured_media":0,"comment_status":"open","ping_status":"open","sticky":false,"template":"","format":"standard","meta":[],"categories":[1],"tags":[],"acf":[],"_links":{"self":[{"href":"https:\/\/ifdbariloche-rng.infd.edu.ar\/sitio\/wp-json\/wp\/v2\/posts\/1798"}],"collection":[{"href":"https:\/\/ifdbariloche-rng.infd.edu.ar\/sitio\/wp-json\/wp\/v2\/posts"}],"about":[{"href":"https:\/\/ifdbariloche-rng.infd.edu.ar\/sitio\/wp-json\/wp\/v2\/types\/post"}],"author":[{"embeddable":true,"href":"https:\/\/ifdbariloche-rng.infd.edu.ar\/sitio\/wp-json\/wp\/v2\/users\/2164"}],"replies":[{"embeddable":true,"href":"https:\/\/ifdbariloche-rng.infd.edu.ar\/sitio\/wp-json\/wp\/v2\/comments?post=1798"}],"version-history":[{"count":5,"href":"https:\/\/ifdbariloche-rng.infd.edu.ar\/sitio\/wp-json\/wp\/v2\/posts\/1798\/revisions"}],"predecessor-version":[{"id":1842,"href":"https:\/\/ifdbariloche-rng.infd.edu.ar\/sitio\/wp-json\/wp\/v2\/posts\/1798\/revisions\/1842"}],"wp:attachment":[{"href":"https:\/\/ifdbariloche-rng.infd.edu.ar\/sitio\/wp-json\/wp\/v2\/media?parent=1798"}],"wp:term":[{"taxonomy":"category","embeddable":true,"href":"https:\/\/ifdbariloche-rng.infd.edu.ar\/sitio\/wp-json\/wp\/v2\/categories?post=1798"},{"taxonomy":"post_tag","embeddable":true,"href":"https:\/\/ifdbariloche-rng.infd.edu.ar\/sitio\/wp-json\/wp\/v2\/tags?post=1798"}],"curies":[{"name":"wp","href":"https:\/\/api.w.org\/{rel}","templated":true}]}}