{"id":1789,"date":"2018-10-16T20:14:15","date_gmt":"2018-10-16T23:14:15","guid":{"rendered":"https:\/\/ifdbariloche-rng.infd.edu.ar\/sitio\/?p=1789"},"modified":"2018-10-16T20:14:15","modified_gmt":"2018-10-16T23:14:15","slug":"profesorado-de-educacion-inicial-matematica-30-horas-interino","status":"publish","type":"post","link":"https:\/\/ifdbariloche-rng.infd.edu.ar\/sitio\/profesorado-de-educacion-inicial-matematica-30-horas-interino\/","title":{"rendered":"Profesorado de Educaci\u00f3n Inicial- Matem\u00e1tica- 30 horas interino"},"content":{"rendered":"<h4>Profesorado de Educaci\u00f3n Inicial-<\/h4>\n<h4>Unidad curricular: Matem\u00e1tica- cargo:30 horas<\/h4>\n<h4>Car\u00e1cter: interino<\/h4>\n<h4><u>CRONOGRAMA\u00a0\u00a0 DEL\u00a0\u00a0 LLAMADO<\/u><\/h4>\n<p><strong><u>DIFUSI\u00d3N:<\/u><\/strong> \u00a0\u00a0\u00a0\u00a0\u00a0del 16 al 18 de Octubre de 2018.<\/p>\n<p><strong><u>INSCRIPCI\u00d3N:<\/u><\/strong> desde el 19 al 29 de Octubre de 2018.<\/p>\n<table width=\"628\">\n<tbody>\n<tr>\n<td width=\"218\"><strong>AREA \/ CARRERA<\/strong><\/td>\n<td width=\"297\"><strong>CARGOS<\/strong><\/td>\n<td width=\"113\"><strong>CAR\u00c1CTER<\/strong><\/td>\n<\/tr>\n<tr>\n<td width=\"218\">&nbsp;<\/p>\n<p>\u00c1rea Matem\u00e1tica<\/p>\n<p>Profesorado de Educaci\u00f3n Inicial<\/p>\n<p>&nbsp;<\/td>\n<td width=\"297\">&nbsp;<\/p>\n<p>1 cargo de Profesor (30 hs)<\/p>\n<p><a href=\"https:\/\/drive.google.com\/open?id=1j6MDZhL8asikwJ0OoWSXZt1vGWD8Mk8H\" target=\"_blank\" rel=\"noopener\"><strong>Matem\u00e1tica <\/strong><\/a><\/td>\n<td width=\"113\">&nbsp;<\/p>\n<p>Interino<\/td>\n<\/tr>\n<\/tbody>\n<\/table>\n","protected":false},"excerpt":{"rendered":"<p>Profesorado de Educaci\u00f3n Inicial- Unidad curricular: Matem\u00e1tica- cargo:30 horas Car\u00e1cter: interino CRONOGRAMA\u00a0\u00a0 DEL\u00a0\u00a0 LLAMADO DIFUSI\u00d3N: \u00a0\u00a0\u00a0\u00a0\u00a0del 16 al 18 de Octubre de 2018. INSCRIPCI\u00d3N: desde el 19 al 29 de Octubre de 2018. AREA \/ CARRERA CARGOS CAR\u00c1CTER &nbsp; \u00c1rea Matem\u00e1tica Profesorado de Educaci\u00f3n Inicial &nbsp; &nbsp; 1 cargo de Profesor (30 hs) Matem\u00e1tica &nbsp; &#8230; <a title=\"Profesorado de Educaci\u00f3n Inicial- Matem\u00e1tica- 30 horas interino\" class=\"read-more\" href=\"https:\/\/ifdbariloche-rng.infd.edu.ar\/sitio\/profesorado-de-educacion-inicial-matematica-30-horas-interino\/\" aria-label=\"More on Profesorado de Educaci\u00f3n Inicial- Matem\u00e1tica- 30 horas interino\">[+]<\/a><\/p>\n","protected":false},"author":2164,"featured_media":0,"comment_status":"open","ping_status":"open","sticky":false,"template":"","format":"standard","meta":[],"categories":[1],"tags":[],"acf":[],"_links":{"self":[{"href":"https:\/\/ifdbariloche-rng.infd.edu.ar\/sitio\/wp-json\/wp\/v2\/posts\/1789"}],"collection":[{"href":"https:\/\/ifdbariloche-rng.infd.edu.ar\/sitio\/wp-json\/wp\/v2\/posts"}],"about":[{"href":"https:\/\/ifdbariloche-rng.infd.edu.ar\/sitio\/wp-json\/wp\/v2\/types\/post"}],"author":[{"embeddable":true,"href":"https:\/\/ifdbariloche-rng.infd.edu.ar\/sitio\/wp-json\/wp\/v2\/users\/2164"}],"replies":[{"embeddable":true,"href":"https:\/\/ifdbariloche-rng.infd.edu.ar\/sitio\/wp-json\/wp\/v2\/comments?post=1789"}],"version-history":[{"count":1,"href":"https:\/\/ifdbariloche-rng.infd.edu.ar\/sitio\/wp-json\/wp\/v2\/posts\/1789\/revisions"}],"predecessor-version":[{"id":1790,"href":"https:\/\/ifdbariloche-rng.infd.edu.ar\/sitio\/wp-json\/wp\/v2\/posts\/1789\/revisions\/1790"}],"wp:attachment":[{"href":"https:\/\/ifdbariloche-rng.infd.edu.ar\/sitio\/wp-json\/wp\/v2\/media?parent=1789"}],"wp:term":[{"taxonomy":"category","embeddable":true,"href":"https:\/\/ifdbariloche-rng.infd.edu.ar\/sitio\/wp-json\/wp\/v2\/categories?post=1789"},{"taxonomy":"post_tag","embeddable":true,"href":"https:\/\/ifdbariloche-rng.infd.edu.ar\/sitio\/wp-json\/wp\/v2\/tags?post=1789"}],"curies":[{"name":"wp","href":"https:\/\/api.w.org\/{rel}","templated":true}]}}