{"id":1578,"date":"2018-08-08T13:36:15","date_gmt":"2018-08-08T16:36:15","guid":{"rendered":"https:\/\/ifdbariloche-rng.infd.edu.ar\/sitio\/?p=1578"},"modified":"2018-09-13T10:33:20","modified_gmt":"2018-09-13T13:33:20","slug":"cargo-prof-de-pedagogia-area-cs-educacion-profesorado-de-educacion-inicial","status":"publish","type":"post","link":"https:\/\/ifdbariloche-rng.infd.edu.ar\/sitio\/cargo-prof-de-pedagogia-area-cs-educacion-profesorado-de-educacion-inicial\/","title":{"rendered":"Cargo: Prof. de Pedagog\u00eda-\u00c1rea Cs. Educaci\u00f3n- Profesorado de Educaci\u00f3n Inicial"},"content":{"rendered":"<p>Cargo: Prof. de Pedagog\u00eda-\u00c1rea Cs. Educaci\u00f3n- Profesorado de Educaci\u00f3n Inicial<\/p>\n<p><strong><u>NUEVO CRONOGRAMA DEL LLAMADO A CONCURSO<\/u><\/strong><\/p>\n<p><strong><u>DIFUSI\u00d3N:<\/u><\/strong> \u00a0\u00a0\u00a0\u00a0\u00a0del 13 al 17 de Septiembre de 2018.<\/p>\n<p><strong><u>INSCRIPCI\u00d3N:<\/u><\/strong> desde el 18 al 27 de Septiembre de 2018.<\/p>\n<table width=\"631\">\n<tbody>\n<tr>\n<td width=\"257\"><strong>AREA \/ CARRERA<\/strong><\/td>\n<td width=\"246\"><strong>CARGOS<\/strong><\/td>\n<td width=\"128\"><strong>CAR\u00c1CTER<\/strong><\/td>\n<\/tr>\n<tr>\n<td width=\"257\">Ciencias de la Educaci\u00f3n y Psicolog\u00eda<\/p>\n<p>Profesorado de Educaci\u00f3n Inicial<\/td>\n<td width=\"246\"><strong><em>\u00a0<\/em><\/strong><strong><em>Orientaci\u00f3n:<a href=\"https:\/\/drive.google.com\/file\/d\/1PyaGrXm5e9s-MFJscLgFPRpGW8QCx_Cc\/view?usp=sharing\"> PEDAGOG\u00cdA<\/a><\/em><\/strong><\/p>\n<p>1 cargo de profesor (30 hs)<\/td>\n<td width=\"128\">\u00a0 \u00a0 Suplente<\/td>\n<\/tr>\n<\/tbody>\n<\/table>\n<p>&nbsp;<\/p>\n","protected":false},"excerpt":{"rendered":"<p>Cargo: Prof. de Pedagog\u00eda-\u00c1rea Cs. Educaci\u00f3n- Profesorado de Educaci\u00f3n Inicial NUEVO CRONOGRAMA DEL LLAMADO A CONCURSO DIFUSI\u00d3N: \u00a0\u00a0\u00a0\u00a0\u00a0del 13 al 17 de Septiembre de 2018. INSCRIPCI\u00d3N: desde el 18 al 27 de Septiembre de 2018. AREA \/ CARRERA CARGOS CAR\u00c1CTER Ciencias de la Educaci\u00f3n y Psicolog\u00eda Profesorado de Educaci\u00f3n Inicial \u00a0Orientaci\u00f3n: PEDAGOG\u00cdA 1 cargo de &#8230; <a title=\"Cargo: Prof. de Pedagog\u00eda-\u00c1rea Cs. Educaci\u00f3n- Profesorado de Educaci\u00f3n Inicial\" class=\"read-more\" href=\"https:\/\/ifdbariloche-rng.infd.edu.ar\/sitio\/cargo-prof-de-pedagogia-area-cs-educacion-profesorado-de-educacion-inicial\/\" aria-label=\"More on Cargo: Prof. de Pedagog\u00eda-\u00c1rea Cs. Educaci\u00f3n- Profesorado de Educaci\u00f3n Inicial\">[+]<\/a><\/p>\n","protected":false},"author":2164,"featured_media":0,"comment_status":"open","ping_status":"open","sticky":false,"template":"","format":"standard","meta":[],"categories":[1],"tags":[],"acf":[],"_links":{"self":[{"href":"https:\/\/ifdbariloche-rng.infd.edu.ar\/sitio\/wp-json\/wp\/v2\/posts\/1578"}],"collection":[{"href":"https:\/\/ifdbariloche-rng.infd.edu.ar\/sitio\/wp-json\/wp\/v2\/posts"}],"about":[{"href":"https:\/\/ifdbariloche-rng.infd.edu.ar\/sitio\/wp-json\/wp\/v2\/types\/post"}],"author":[{"embeddable":true,"href":"https:\/\/ifdbariloche-rng.infd.edu.ar\/sitio\/wp-json\/wp\/v2\/users\/2164"}],"replies":[{"embeddable":true,"href":"https:\/\/ifdbariloche-rng.infd.edu.ar\/sitio\/wp-json\/wp\/v2\/comments?post=1578"}],"version-history":[{"count":2,"href":"https:\/\/ifdbariloche-rng.infd.edu.ar\/sitio\/wp-json\/wp\/v2\/posts\/1578\/revisions"}],"predecessor-version":[{"id":1686,"href":"https:\/\/ifdbariloche-rng.infd.edu.ar\/sitio\/wp-json\/wp\/v2\/posts\/1578\/revisions\/1686"}],"wp:attachment":[{"href":"https:\/\/ifdbariloche-rng.infd.edu.ar\/sitio\/wp-json\/wp\/v2\/media?parent=1578"}],"wp:term":[{"taxonomy":"category","embeddable":true,"href":"https:\/\/ifdbariloche-rng.infd.edu.ar\/sitio\/wp-json\/wp\/v2\/categories?post=1578"},{"taxonomy":"post_tag","embeddable":true,"href":"https:\/\/ifdbariloche-rng.infd.edu.ar\/sitio\/wp-json\/wp\/v2\/tags?post=1578"}],"curies":[{"name":"wp","href":"https:\/\/api.w.org\/{rel}","templated":true}]}}